{"id":1004,"date":"2024-09-02T12:58:01","date_gmt":"2024-09-02T15:58:01","guid":{"rendered":"https:\/\/new.contandohistorias.com.br\/?p=1004"},"modified":"2024-09-02T12:58:04","modified_gmt":"2024-09-02T15:58:04","slug":"desencanto","status":"publish","type":"post","link":"https:\/\/contandohistorias.com.br\/?p=1004","title":{"rendered":"Desencanto"},"content":{"rendered":"\n<p><em>Manuel Bandeira<\/em><\/p>\n\n\n\n<figure class=\"wp-block-embed is-type-rich is-provider-incorporar-manipulador wp-block-embed-incorporar-manipulador\"><div class=\"wp-block-embed__wrapper\">\n<audio class=\"wp-audio-shortcode\" id=\"audio-1004-1\" preload=\"none\" style=\"width: 100%;\" controls=\"controls\"><source type=\"audio\/mpeg\" src=\"https:\/\/www.contandohistorias.com.br\/mp3\/2006310.mp3?_=1\" \/><a href=\"https:\/\/www.contandohistorias.com.br\/mp3\/2006310.mp3\">https:\/\/www.contandohistorias.com.br\/mp3\/2006310.mp3<\/a><\/audio>\n<\/div><\/figure>\n\n\n\n<p>Eu fa\u00e7o versos como quem chora<br>De desalento&#8230; de desencanto&#8230;<br>Fecha o meu livro, se por agora<br>N\u00e3o tens motivo nenhum de pranto.<\/p>\n\n\n\n<p>Meu verso \u00e9 sangue. Vol\u00fapia ardente&#8230;<br>Tristeza esparsa&#8230; remorso v\u00e3o&#8230;<br>D\u00f3i-me nas veias. Amargo e quente,<br>Cai, gota a gota, do cora\u00e7\u00e3o.<\/p>\n\n\n\n<p>E nestes versos de ang\u00fastia rouca,<br>Assim dos l\u00e1bios a vida corre,<br>Deixando um acre sabor na boca.<\/p>\n\n\n\n<p>Eu fa\u00e7o versos como quem morre.<\/p>\n","protected":false},"excerpt":{"rendered":"<p>Manuel Bandeira Eu fa\u00e7o versos como quem choraDe desalento&#8230; de desencanto&#8230;Fecha o meu livro, se por agoraN\u00e3o tens motivo nenhum de pranto. Meu verso \u00e9 sangue. Vol\u00fapia ardente&#8230;Tristeza esparsa&#8230; remorso v\u00e3o&#8230;D\u00f3i-me nas veias. Amargo e quente,Cai, gota a gota, do cora\u00e7\u00e3o. E nestes versos de ang\u00fastia rouca,Assim dos l\u00e1bios a vida corre,Deixando um acre sabor [&hellip;]<\/p>\n","protected":false},"author":1,"featured_media":0,"comment_status":"open","ping_status":"open","sticky":false,"template":"","format":"standard","meta":{"_uag_custom_page_level_css":"","footnotes":""},"categories":[4],"tags":[],"class_list":["post-1004","post","type-post","status-publish","format-standard","hentry","category-historias","post-preview"],"uagb_featured_image_src":{"full":false,"thumbnail":false,"medium":false,"medium_large":false,"large":false,"1536x1536":false,"2048x2048":false,"post-image":false},"uagb_author_info":{"display_name":"Rubens","author_link":"https:\/\/contandohistorias.com.br\/?author=1"},"uagb_comment_info":0,"uagb_excerpt":"Manuel Bandeira Eu fa\u00e7o versos como quem choraDe desalento&#8230; de desencanto&#8230;Fecha o meu livro, se por agoraN\u00e3o tens motivo nenhum de pranto. Meu verso \u00e9 sangue. Vol\u00fapia ardente&#8230;Tristeza esparsa&#8230; remorso v\u00e3o&#8230;D\u00f3i-me nas veias. Amargo e quente,Cai, gota a gota, do cora\u00e7\u00e3o. E nestes versos de ang\u00fastia rouca,Assim dos l\u00e1bios a vida corre,Deixando um acre sabor&hellip;","_links":{"self":[{"href":"https:\/\/contandohistorias.com.br\/index.php?rest_route=\/wp\/v2\/posts\/1004","targetHints":{"allow":["GET"]}}],"collection":[{"href":"https:\/\/contandohistorias.com.br\/index.php?rest_route=\/wp\/v2\/posts"}],"about":[{"href":"https:\/\/contandohistorias.com.br\/index.php?rest_route=\/wp\/v2\/types\/post"}],"author":[{"embeddable":true,"href":"https:\/\/contandohistorias.com.br\/index.php?rest_route=\/wp\/v2\/users\/1"}],"replies":[{"embeddable":true,"href":"https:\/\/contandohistorias.com.br\/index.php?rest_route=%2Fwp%2Fv2%2Fcomments&post=1004"}],"version-history":[{"count":1,"href":"https:\/\/contandohistorias.com.br\/index.php?rest_route=\/wp\/v2\/posts\/1004\/revisions"}],"predecessor-version":[{"id":1005,"href":"https:\/\/contandohistorias.com.br\/index.php?rest_route=\/wp\/v2\/posts\/1004\/revisions\/1005"}],"wp:attachment":[{"href":"https:\/\/contandohistorias.com.br\/index.php?rest_route=%2Fwp%2Fv2%2Fmedia&parent=1004"}],"wp:term":[{"taxonomy":"category","embeddable":true,"href":"https:\/\/contandohistorias.com.br\/index.php?rest_route=%2Fwp%2Fv2%2Fcategories&post=1004"},{"taxonomy":"post_tag","embeddable":true,"href":"https:\/\/contandohistorias.com.br\/index.php?rest_route=%2Fwp%2Fv2%2Ftags&post=1004"}],"curies":[{"name":"wp","href":"https:\/\/api.w.org\/{rel}","templated":true}]}}