{"id":1081,"date":"2024-09-03T10:52:54","date_gmt":"2024-09-03T13:52:54","guid":{"rendered":"https:\/\/new.contandohistorias.com.br\/?p=1081"},"modified":"2024-09-03T10:52:56","modified_gmt":"2024-09-03T13:52:56","slug":"entrevista-para-o-dia-das-maes","status":"publish","type":"post","link":"https:\/\/contandohistorias.com.br\/?p=1081","title":{"rendered":"Entrevista para o dia das m\u00e3es"},"content":{"rendered":"\n<figure class=\"wp-block-embed is-type-rich is-provider-incorporar-manipulador wp-block-embed-incorporar-manipulador\"><div class=\"wp-block-embed__wrapper\">\n<audio class=\"wp-audio-shortcode\" id=\"audio-1081-1\" preload=\"none\" style=\"width: 100%;\" controls=\"controls\"><source type=\"audio\/mpeg\" src=\"https:\/\/www.contandohistorias.com.br\/mp3\/2006696.mp3?_=1\" \/><a href=\"https:\/\/www.contandohistorias.com.br\/mp3\/2006696.mp3\">https:\/\/www.contandohistorias.com.br\/mp3\/2006696.mp3<\/a><\/audio>\n<\/div><\/figure>\n\n\n\n<p>Entrevista realizada com crian\u00e7as de 7 e 8 anos de idade sobre suas m\u00e3es, cursando o ensino fundamental da Espanha. As respostas abaixo foram consideradas as mais interessantes.<\/p>\n\n\n\n<p><strong>QUEM \u00c9 O CHEFE DA SUA CASA?<\/strong><\/p>\n\n\n\n<p>Acho que a minha m\u00e3e, porque ela tem muito mais coisas a fazer do que meu pai.<\/p>\n\n\n\n<p><strong>POR QUE DEUS FEZ O DIA DAS M\u00c3ES?<\/strong><\/p>\n\n\n\n<p>Porque elas s\u00e3o as \u00fanicas que sabem onde est\u00e3o as coisas em casa.<\/p>\n\n\n\n<p><strong>COMO DEUS FEZ AS M\u00c3ES?<\/strong><\/p>\n\n\n\n<p>Com m\u00e1gica, super poderes e misturou tudo muito bem.<\/p>\n\n\n\n<p><strong>QUE INGREDIENTES ELE USOU?<\/strong><\/p>\n\n\n\n<p>Nuvem, cabelo de anjo e tudo de bom que h\u00e1 no mundo e uma pitada de mal.<\/p>\n\n\n\n<p><strong>POR QUE DEUS TE DEU SUA M\u00c3E E N\u00c3O OUTRA M\u00c3E?<\/strong><\/p>\n\n\n\n<p>Porque Deus sabia que ela seria mais minha m\u00e3e do que outras m\u00e3es.<\/p>\n\n\n\n<p><strong>POR QUE SUA M\u00c3E SE CASOU COM SEU PAI?<\/strong><\/p>\n\n\n\n<p>Minha av\u00f3 diz que \u00e9 porque ela n\u00e3o pensou direito.<\/p>\n\n\n\n<p><strong>QUAL A DIFEREN\u00c7A ENTRE AS MAM\u00c3ES E OS PAPAIS?<\/strong><\/p>\n\n\n\n<ol class=\"wp-block-list\">\n<li>As mam\u00e3es trabalham no trabalho e em casa, os papais s\u00f3 v\u00e3o ao trabalho.<\/li>\n\n\n\n<li>As m\u00e3es sabem falar com as professoras sem assust\u00e1-las.<\/li>\n\n\n\n<li>Os papais s\u00e3o mais altos e fortes, mas as mam\u00e3es tem o verdadeiro poder porque voc\u00ea tem de pedir pra elas quando quer dormir na casa de um amigo.<\/li>\n\n\n\n<li>As m\u00e3es s\u00e3o m\u00e1gicas porque elas fazem voc\u00ea se sentir bem sem rem\u00e9dio.<\/li>\n<\/ol>\n\n\n\n<p><strong>O QUE SUA M\u00c3E FAZ NO TEMPO LIVRE?<\/strong><\/p>\n\n\n\n<p>M\u00e3es n\u00e3o t\u00eam tempo livre.<\/p>\n\n\n\n<p><strong>SE VOC\u00ca PUDESSE MUDAR ALGO EM SUA M\u00c3E, O QUE SERIA?<\/strong><\/p>\n\n\n\n<p>Eu queria que desaparecessem os olhos invis\u00edveis que ela tem atr\u00e1s da cabe\u00e7a.<\/p>\n\n\n\n<p>Feliz semana das m\u00e3es,&nbsp;<strong>porque um dia \u00e9 pouco!<\/strong><\/p>\n","protected":false},"excerpt":{"rendered":"<p>Entrevista realizada com crian\u00e7as de 7 e 8 anos de idade sobre suas m\u00e3es, cursando o ensino fundamental da Espanha. As respostas abaixo foram consideradas as mais interessantes. QUEM \u00c9 O CHEFE DA SUA CASA? Acho que a minha m\u00e3e, porque ela tem muito mais coisas a fazer do que meu pai. POR QUE DEUS [&hellip;]<\/p>\n","protected":false},"author":1,"featured_media":0,"comment_status":"open","ping_status":"open","sticky":false,"template":"","format":"standard","meta":{"_uag_custom_page_level_css":"","footnotes":""},"categories":[4],"tags":[],"class_list":["post-1081","post","type-post","status-publish","format-standard","hentry","category-historias","post-preview"],"uagb_featured_image_src":{"full":false,"thumbnail":false,"medium":false,"medium_large":false,"large":false,"1536x1536":false,"2048x2048":false,"post-image":false},"uagb_author_info":{"display_name":"Rubens","author_link":"https:\/\/contandohistorias.com.br\/?author=1"},"uagb_comment_info":0,"uagb_excerpt":"Entrevista realizada com crian\u00e7as de 7 e 8 anos de idade sobre suas m\u00e3es, cursando o ensino fundamental da Espanha. As respostas abaixo foram consideradas as mais interessantes. QUEM \u00c9 O CHEFE DA SUA CASA? Acho que a minha m\u00e3e, porque ela tem muito mais coisas a fazer do que meu pai. POR QUE DEUS&hellip;","_links":{"self":[{"href":"https:\/\/contandohistorias.com.br\/index.php?rest_route=\/wp\/v2\/posts\/1081","targetHints":{"allow":["GET"]}}],"collection":[{"href":"https:\/\/contandohistorias.com.br\/index.php?rest_route=\/wp\/v2\/posts"}],"about":[{"href":"https:\/\/contandohistorias.com.br\/index.php?rest_route=\/wp\/v2\/types\/post"}],"author":[{"embeddable":true,"href":"https:\/\/contandohistorias.com.br\/index.php?rest_route=\/wp\/v2\/users\/1"}],"replies":[{"embeddable":true,"href":"https:\/\/contandohistorias.com.br\/index.php?rest_route=%2Fwp%2Fv2%2Fcomments&post=1081"}],"version-history":[{"count":1,"href":"https:\/\/contandohistorias.com.br\/index.php?rest_route=\/wp\/v2\/posts\/1081\/revisions"}],"predecessor-version":[{"id":1082,"href":"https:\/\/contandohistorias.com.br\/index.php?rest_route=\/wp\/v2\/posts\/1081\/revisions\/1082"}],"wp:attachment":[{"href":"https:\/\/contandohistorias.com.br\/index.php?rest_route=%2Fwp%2Fv2%2Fmedia&parent=1081"}],"wp:term":[{"taxonomy":"category","embeddable":true,"href":"https:\/\/contandohistorias.com.br\/index.php?rest_route=%2Fwp%2Fv2%2Fcategories&post=1081"},{"taxonomy":"post_tag","embeddable":true,"href":"https:\/\/contandohistorias.com.br\/index.php?rest_route=%2Fwp%2Fv2%2Ftags&post=1081"}],"curies":[{"name":"wp","href":"https:\/\/api.w.org\/{rel}","templated":true}]}}