{"id":1139,"date":"2024-09-03T11:08:37","date_gmt":"2024-09-03T14:08:37","guid":{"rendered":"https:\/\/new.contandohistorias.com.br\/?p=1139"},"modified":"2024-09-03T11:08:42","modified_gmt":"2024-09-03T14:08:42","slug":"fases-da-vida","status":"publish","type":"post","link":"https:\/\/contandohistorias.com.br\/?p=1139","title":{"rendered":"Fases da vida"},"content":{"rendered":"\n<p>H\u00e1 fases na vida em que tudo parece conspirar contra n\u00f3s. Nesses momentos \u00e9 comum sentirmos que nada fizemos de suficientemente bom no passado. Em parte at\u00e9 pode ser verdade, mas reflitamos: n\u00e3o ter\u00e1 sido nossa forte inten\u00e7\u00e3o fazermos o melhor ?<\/p>\n\n\n\n<p>O que vemos hoje &#8211; como vemos &#8211; \u00e9 alvo da nossa forma atual de olhar. Se nos virmos fal\u00edveis em todos os n\u00edveis de espa\u00e7o-tempo, sempre encontraremos o que fizemos de menos, ou o que hoje julgamos ser mal, inconveniente ou errado, visto que evolu\u00edmos e crescemos a cada instante que passa.<\/p>\n\n\n\n<p>Com a viv\u00eancia de hoje, n\u00e3o far\u00edamos o errado de ontem , e amanh\u00e3 n\u00e3o faremos o que hoje, infelizmente, j\u00e1 fizemos, pois poder\u00e1 ser mal interpretado ou magoar algu\u00e9m.<\/p>\n\n\n\n<p>O importante \u00e9 percerbermos com clareza as boas sementes que plantamos hoje e, independentemente do resultado, sentirmos por n\u00f3s pr\u00f3prios admira\u00e7\u00e3o e respeito.<\/p>\n\n\n\n<p>N\u00e3o tema. Sempre estaremos certos, s\u00f3 pela nossa inten\u00e7\u00e3o de acertar!<\/p>\n\n\n\n<p><strong><em>Colabora\u00e7\u00e3o de Wilma Santiago<\/em><\/strong><\/p>\n","protected":false},"excerpt":{"rendered":"<p>H\u00e1 fases na vida em que tudo parece conspirar contra n\u00f3s. Nesses momentos \u00e9 comum sentirmos que nada fizemos de suficientemente bom no passado. Em parte at\u00e9 pode ser verdade, mas reflitamos: n\u00e3o ter\u00e1 sido nossa forte inten\u00e7\u00e3o fazermos o melhor ? O que vemos hoje &#8211; como vemos &#8211; \u00e9 alvo da nossa forma [&hellip;]<\/p>\n","protected":false},"author":1,"featured_media":0,"comment_status":"open","ping_status":"open","sticky":false,"template":"","format":"standard","meta":{"_uag_custom_page_level_css":"","footnotes":""},"categories":[4],"tags":[],"class_list":["post-1139","post","type-post","status-publish","format-standard","hentry","category-historias","post-preview"],"uagb_featured_image_src":{"full":false,"thumbnail":false,"medium":false,"medium_large":false,"large":false,"1536x1536":false,"2048x2048":false,"post-image":false},"uagb_author_info":{"display_name":"Rubens","author_link":"https:\/\/contandohistorias.com.br\/?author=1"},"uagb_comment_info":0,"uagb_excerpt":"H\u00e1 fases na vida em que tudo parece conspirar contra n\u00f3s. Nesses momentos \u00e9 comum sentirmos que nada fizemos de suficientemente bom no passado. Em parte at\u00e9 pode ser verdade, mas reflitamos: n\u00e3o ter\u00e1 sido nossa forte inten\u00e7\u00e3o fazermos o melhor ? O que vemos hoje &#8211; como vemos &#8211; \u00e9 alvo da nossa forma&hellip;","_links":{"self":[{"href":"https:\/\/contandohistorias.com.br\/index.php?rest_route=\/wp\/v2\/posts\/1139","targetHints":{"allow":["GET"]}}],"collection":[{"href":"https:\/\/contandohistorias.com.br\/index.php?rest_route=\/wp\/v2\/posts"}],"about":[{"href":"https:\/\/contandohistorias.com.br\/index.php?rest_route=\/wp\/v2\/types\/post"}],"author":[{"embeddable":true,"href":"https:\/\/contandohistorias.com.br\/index.php?rest_route=\/wp\/v2\/users\/1"}],"replies":[{"embeddable":true,"href":"https:\/\/contandohistorias.com.br\/index.php?rest_route=%2Fwp%2Fv2%2Fcomments&post=1139"}],"version-history":[{"count":1,"href":"https:\/\/contandohistorias.com.br\/index.php?rest_route=\/wp\/v2\/posts\/1139\/revisions"}],"predecessor-version":[{"id":1140,"href":"https:\/\/contandohistorias.com.br\/index.php?rest_route=\/wp\/v2\/posts\/1139\/revisions\/1140"}],"wp:attachment":[{"href":"https:\/\/contandohistorias.com.br\/index.php?rest_route=%2Fwp%2Fv2%2Fmedia&parent=1139"}],"wp:term":[{"taxonomy":"category","embeddable":true,"href":"https:\/\/contandohistorias.com.br\/index.php?rest_route=%2Fwp%2Fv2%2Fcategories&post=1139"},{"taxonomy":"post_tag","embeddable":true,"href":"https:\/\/contandohistorias.com.br\/index.php?rest_route=%2Fwp%2Fv2%2Ftags&post=1139"}],"curies":[{"name":"wp","href":"https:\/\/api.w.org\/{rel}","templated":true}]}}