{"id":1147,"date":"2024-09-03T11:10:42","date_gmt":"2024-09-03T14:10:42","guid":{"rendered":"https:\/\/new.contandohistorias.com.br\/?p=1147"},"modified":"2024-09-03T11:11:26","modified_gmt":"2024-09-03T14:11:26","slug":"fazer-a-diferenca","status":"publish","type":"post","link":"https:\/\/contandohistorias.com.br\/?p=1147","title":{"rendered":"Fazer a Diferen\u00e7a"},"content":{"rendered":"\n<figure class=\"wp-block-embed is-type-rich is-provider-incorporar-manipulador wp-block-embed-incorporar-manipulador\"><div class=\"wp-block-embed__wrapper\">\n<audio class=\"wp-audio-shortcode\" id=\"audio-1147-1\" preload=\"none\" style=\"width: 100%;\" controls=\"controls\"><source type=\"audio\/mpeg\" src=\"https:\/\/www.contandohistorias.com.br\/mp3\/2004445.mp3?_=1\" \/><a href=\"https:\/\/www.contandohistorias.com.br\/mp3\/2004445.mp3\">https:\/\/www.contandohistorias.com.br\/mp3\/2004445.mp3<\/a><\/audio>\n<\/div><\/figure>\n\n\n\n<p>Relata a Sra. Teresa, que no seu primeiro dia de aula parou em frente aos seus alunos da quinta s\u00e9rie prim\u00e1ria e como todos os demais professores, lhes disse que gostava de todos por igual.<\/p>\n\n\n\n<p>No entanto, ela sabia que isto era quase imposs\u00edvel, j\u00e1 que na primeira fila estava sentado um pequeno garoto chamado Ricardo.<\/p>\n\n\n\n<p>A professora havia observado que ele n\u00e3o se dava bem com os colegas de classe e muitas vezes suas roupas estavam sujas e cheiravam mal.<\/p>\n\n\n\n<p>Houve at\u00e9 momentos em que ela sentia prazer em lhe dar notas vermelhas ao corrigir suas provas e trabalhos.<\/p>\n\n\n\n<p>Ao iniciar o ano letivo, era solicitado a cada professor que lesse com aten\u00e7\u00e3o a ficha escolar dos alunos, para tomar conhecimento das anota\u00e7\u00f5es feitas em cada ano.<\/p>\n\n\n\n<p>A Sra. Teresa deixou a ficha de Ricardo por \u00faltimo.<\/p>\n\n\n\n<p>Mas quando a leu foi grande a sua surpresa.<\/p>\n\n\n\n<p>A professora do primeiro ano escolar de Ricardo havia anotado o seguinte : Ricardo \u00e9 um menino brilhante e simp\u00e1tico.<\/p>\n\n\n\n<p>Seus trabalhos sempre est\u00e3o em ordem e muito n\u00edtidos.<\/p>\n\n\n\n<p>Tem bons modos e \u00e9 muito agrad\u00e1vel estar perto dele.<\/p>\n\n\n\n<p>A professora do segundo ano escreveu :<\/p>\n\n\n\n<p>Ricardo \u00e9 um aluno excelente e muito querido por seus colegas, mas tem estado preocupado com sua m\u00e3e, que est\u00e1 com uma doen\u00e7a grave e desenganada pelos m\u00e9dicos.<\/p>\n\n\n\n<p>A vida em seu lar deve estar sendo muito dif\u00edcil.<\/p>\n\n\n\n<p>Da professora do terceiro ano constava a anota\u00e7\u00e3o seguinte :<\/p>\n\n\n\n<p>A morte de sua m\u00e3e foi um golpe muito duro para Ricardo.<\/p>\n\n\n\n<p>Ele procura fazer o melhor, mas seu pai n\u00e3o tem nenhum interesse e logo sua vida ser\u00e1 prejudicada se ningu\u00e9m tomar provid\u00eancias para ajud\u00e1-lo.<\/p>\n\n\n\n<p>A professora do quarto ano escreveu :<\/p>\n\n\n\n<p>Ricardo anda muito distra\u00eddo e n\u00e3o mostra interesse algum pelos estudos.<\/p>\n\n\n\n<p>Tem poucos amigos e muitas vezes dorme na sala de aula.<\/p>\n\n\n\n<p>A Sra. Tereza se deu conta do problema e ficou terrivelmente envergonhada.<\/p>\n\n\n\n<p>Sentiu-se ainda pior quando lembrou dos presentes de Natal que os alunos lhe haviam dado, envoltos em pap\u00e9is coloridos, exceto o de<\/p>\n\n\n\n<p>Ricardo, que estava enrolado num papel marrom de supermercado.<\/p>\n\n\n\n<p>Lembra-se de que abriu o pacote com tristeza, enquanto os outros garotos riam ao ver uma pulseira faltando algumas pedras e um vidro de perfume pela metade.<\/p>\n\n\n\n<p>Apesar das piadas ela disse que o presente era precioso e p\u00f4s a pulseira no bra\u00e7o e um pouco de perfume sobre a m\u00e3o.<\/p>\n\n\n\n<p>Naquela ocasi\u00e3o, Ricardo ficou um pouco mais de tempo na escola do que o de costume.<\/p>\n\n\n\n<p>Lembrou-se ainda, que Ricardo lhe disse que ela estava cheirosa como sua m\u00e3e.<\/p>\n\n\n\n<p>Naquele dia, depois que todos se foram, a professora Tereza chorou por longo tempo&#8230;<\/p>\n\n\n\n<p>Em seguida, decidiu-se a mudar sua maneira de ensinar e passou a dar mais aten\u00e7\u00e3o aos seus alunos, especialmente a Ricardo.<\/p>\n\n\n\n<p>Com o passar do tempo ela notou que o garoto s\u00f3 melhorava.<\/p>\n\n\n\n<p>E quanto mais ela lhe dava carinho e aten\u00e7\u00e3o, mais ele se animava.<\/p>\n\n\n\n<p>Ao finalizar o ano letivo, Ricardo saiu como o melhor da classe.<\/p>\n\n\n\n<p>Um ano mais tarde a Sra. Tereza recebeu uma not\u00edcia em que Ricardo lhe dizia que ela era a melhor professora que teve na vida.<\/p>\n\n\n\n<p>Seis anos depois, recebeu outra carta de Ricardo contando que havia conclu\u00eddo o segundo grau e que ela continuava sendo a melhor professora que tivera.<\/p>\n\n\n\n<p>As not\u00edcias se repetiram at\u00e9 que um dia, ela recebeu uma carta assinada pelo Dr. Ricardo Stoddard, seu antigo aluno, mais conhecido como Ricardo.<\/p>\n\n\n\n<p>Mas a hist\u00f3ria n\u00e3o terminou aqui.<\/p>\n\n\n\n<p>A Sra. Tereza recebeu outra carta, em que Ricardo a convidava para seu casamento e noticiava a morte de seu pai.<\/p>\n\n\n\n<p>Ela aceitou o convite e no dia do casamento, estava usando a pulseira que ganhou de Ricardo anos antes, e tamb\u00e9m o perfume.<\/p>\n\n\n\n<p>Quando os dois se encontraram, abra\u00e7aram-se por longo tempo e Ricardo lhe disse ao ouvido :<\/p>\n\n\n\n<p>\u2014 &#8220;Obrigado por acreditar em mim e me fazer sentir importante, demonstrando-me que posso fazer a diferen\u00e7a.&#8221;<\/p>\n\n\n\n<p>Mas ela, com os olhos banhados em pranto sussurrou baixinho :<\/p>\n\n\n\n<p>\u2014 &#8220;Voc\u00ea est\u00e1 enganado ! Foi voc\u00ea quem me ensinou que eu podia fazer a diferen\u00e7a, afinal eu n\u00e3o sabia ensinar at\u00e9 que o conheci.&#8221;<\/p>\n\n\n\n<p>Mais do que ensinar a ler e escrever, explicar matem\u00e1tica e outras mat\u00e9rias, \u00e9 preciso ouvir os apelos silenciosos que ecoam na alma do educando.<\/p>\n\n\n\n<p>Mais do que avaliar provas e dar notas, \u00e9 importante ensinar com amor, mostrando que sempre \u00e9 poss\u00edvel fazer a diferen\u00e7a&#8230;<\/p>\n\n\n\n<p><em>Colabora\u00e7\u00e3o: Renato Antunes Oliveira<\/em><\/p>\n","protected":false},"excerpt":{"rendered":"<p>Relata a Sra. Teresa, que no seu primeiro dia de aula parou em frente aos seus alunos da quinta s\u00e9rie prim\u00e1ria e como todos os demais professores, lhes disse que gostava de todos por igual. No entanto, ela sabia que isto era quase imposs\u00edvel, j\u00e1 que na primeira fila estava sentado um pequeno garoto chamado [&hellip;]<\/p>\n","protected":false},"author":1,"featured_media":0,"comment_status":"open","ping_status":"open","sticky":false,"template":"","format":"standard","meta":{"_uag_custom_page_level_css":"","footnotes":""},"categories":[4],"tags":[],"class_list":["post-1147","post","type-post","status-publish","format-standard","hentry","category-historias","post-preview"],"uagb_featured_image_src":{"full":false,"thumbnail":false,"medium":false,"medium_large":false,"large":false,"1536x1536":false,"2048x2048":false,"post-image":false},"uagb_author_info":{"display_name":"Rubens","author_link":"https:\/\/contandohistorias.com.br\/?author=1"},"uagb_comment_info":0,"uagb_excerpt":"Relata a Sra. Teresa, que no seu primeiro dia de aula parou em frente aos seus alunos da quinta s\u00e9rie prim\u00e1ria e como todos os demais professores, lhes disse que gostava de todos por igual. No entanto, ela sabia que isto era quase imposs\u00edvel, j\u00e1 que na primeira fila estava sentado um pequeno garoto chamado&hellip;","_links":{"self":[{"href":"https:\/\/contandohistorias.com.br\/index.php?rest_route=\/wp\/v2\/posts\/1147","targetHints":{"allow":["GET"]}}],"collection":[{"href":"https:\/\/contandohistorias.com.br\/index.php?rest_route=\/wp\/v2\/posts"}],"about":[{"href":"https:\/\/contandohistorias.com.br\/index.php?rest_route=\/wp\/v2\/types\/post"}],"author":[{"embeddable":true,"href":"https:\/\/contandohistorias.com.br\/index.php?rest_route=\/wp\/v2\/users\/1"}],"replies":[{"embeddable":true,"href":"https:\/\/contandohistorias.com.br\/index.php?rest_route=%2Fwp%2Fv2%2Fcomments&post=1147"}],"version-history":[{"count":2,"href":"https:\/\/contandohistorias.com.br\/index.php?rest_route=\/wp\/v2\/posts\/1147\/revisions"}],"predecessor-version":[{"id":1149,"href":"https:\/\/contandohistorias.com.br\/index.php?rest_route=\/wp\/v2\/posts\/1147\/revisions\/1149"}],"wp:attachment":[{"href":"https:\/\/contandohistorias.com.br\/index.php?rest_route=%2Fwp%2Fv2%2Fmedia&parent=1147"}],"wp:term":[{"taxonomy":"category","embeddable":true,"href":"https:\/\/contandohistorias.com.br\/index.php?rest_route=%2Fwp%2Fv2%2Fcategories&post=1147"},{"taxonomy":"post_tag","embeddable":true,"href":"https:\/\/contandohistorias.com.br\/index.php?rest_route=%2Fwp%2Fv2%2Ftags&post=1147"}],"curies":[{"name":"wp","href":"https:\/\/api.w.org\/{rel}","templated":true}]}}