{"id":1150,"date":"2024-09-03T11:12:01","date_gmt":"2024-09-03T14:12:01","guid":{"rendered":"https:\/\/new.contandohistorias.com.br\/?p=1150"},"modified":"2024-09-03T11:12:04","modified_gmt":"2024-09-03T14:12:04","slug":"faz-sentido","status":"publish","type":"post","link":"https:\/\/contandohistorias.com.br\/?p=1150","title":{"rendered":"Faz sentido"},"content":{"rendered":"\n<figure class=\"wp-block-embed is-type-rich is-provider-incorporar-manipulador wp-block-embed-incorporar-manipulador\"><div class=\"wp-block-embed__wrapper\">\n<audio class=\"wp-audio-shortcode\" id=\"audio-1150-1\" preload=\"none\" style=\"width: 100%;\" controls=\"controls\"><source type=\"audio\/mpeg\" src=\"https:\/\/www.contandohistorias.com.br\/mp3\/2006613.mp3?_=1\" \/><a href=\"https:\/\/www.contandohistorias.com.br\/mp3\/2006613.mp3\">https:\/\/www.contandohistorias.com.br\/mp3\/2006613.mp3<\/a><\/audio>\n<\/div><\/figure>\n\n\n\n<p>Tudo no universo opera por vibra\u00e7\u00e3o e uma conseq\u00fcente resson\u00e2ncia. Quando uma pessoa ataca, a outra s\u00f3 reage se aquilo encontrou resson\u00e2ncia (pode ser a n\u00edvel f\u00edsico, se for uma agress\u00e3o f\u00edsica, ou moral, se for uma agress\u00e3o verbal).<\/p>\n\n\n\n<p>Ao tocar uma nota D\u00f3 no viol\u00e3o, pode notar que a outra corda D\u00f3 vai ressoar, porque ambas est\u00e3o afinadas (da\u00ed vem a palavra &#8220;afinidade&#8221;). Se uma agress\u00e3o o perturbar, \u00e9 porque ela ressoou em voc\u00ea, e voc\u00ea, entendendo o mecanismo, procure localizar ONDE ressoou e o PORQU\u00ca, e ent\u00e3o procure eliminar esses tra\u00e7os em voc\u00ea (assim como um psic\u00f3logo faz com seu paciente).<\/p>\n\n\n\n<p>Uma vez que isso acontece, n\u00e3o h\u00e1 necessidade de dar uma resposta, pois onde n\u00e3o h\u00e1 ofensa n\u00e3o h\u00e1 necessidade de contra-ofensa ou mesmo perd\u00e3o (algo que Gandhi j\u00e1 falava, com o seu Ahimsa). Ali\u00e1s, Gandhi e Jesus foram exemplos extremos de que mesmo agress\u00f5es f\u00edsicas n\u00e3o podiam perturbar suas almas. Pode-se destro\u00e7ar o corpo, mat\u00e1-lo, mas s\u00f3 \u00e9 poss\u00edvel fazer o mesmo com sua alma se voc\u00ea o permitir.<\/p>\n\n\n\n<p>No fundo do seu ser repousa uma mente tranq\u00fcila e serena como um lago. Se a tranq\u00fcilidade da \u00e1gua permite refletir as coisas, o que n\u00e3o poder\u00e1 a tranq\u00fcilidade do esp\u00edrito? (Chuang Tzu)<\/p>\n\n\n\n<p><strong><em>Colabora\u00e7\u00e3o: Wilma Santiago<\/em><\/strong><\/p>\n","protected":false},"excerpt":{"rendered":"<p>Tudo no universo opera por vibra\u00e7\u00e3o e uma conseq\u00fcente resson\u00e2ncia. Quando uma pessoa ataca, a outra s\u00f3 reage se aquilo encontrou resson\u00e2ncia (pode ser a n\u00edvel f\u00edsico, se for uma agress\u00e3o f\u00edsica, ou moral, se for uma agress\u00e3o verbal). Ao tocar uma nota D\u00f3 no viol\u00e3o, pode notar que a outra corda D\u00f3 vai ressoar, [&hellip;]<\/p>\n","protected":false},"author":1,"featured_media":0,"comment_status":"open","ping_status":"open","sticky":false,"template":"","format":"standard","meta":{"_uag_custom_page_level_css":"","footnotes":""},"categories":[4],"tags":[],"class_list":["post-1150","post","type-post","status-publish","format-standard","hentry","category-historias","post-preview"],"uagb_featured_image_src":{"full":false,"thumbnail":false,"medium":false,"medium_large":false,"large":false,"1536x1536":false,"2048x2048":false,"post-image":false},"uagb_author_info":{"display_name":"Rubens","author_link":"https:\/\/contandohistorias.com.br\/?author=1"},"uagb_comment_info":0,"uagb_excerpt":"Tudo no universo opera por vibra\u00e7\u00e3o e uma conseq\u00fcente resson\u00e2ncia. Quando uma pessoa ataca, a outra s\u00f3 reage se aquilo encontrou resson\u00e2ncia (pode ser a n\u00edvel f\u00edsico, se for uma agress\u00e3o f\u00edsica, ou moral, se for uma agress\u00e3o verbal). Ao tocar uma nota D\u00f3 no viol\u00e3o, pode notar que a outra corda D\u00f3 vai ressoar,&hellip;","_links":{"self":[{"href":"https:\/\/contandohistorias.com.br\/index.php?rest_route=\/wp\/v2\/posts\/1150","targetHints":{"allow":["GET"]}}],"collection":[{"href":"https:\/\/contandohistorias.com.br\/index.php?rest_route=\/wp\/v2\/posts"}],"about":[{"href":"https:\/\/contandohistorias.com.br\/index.php?rest_route=\/wp\/v2\/types\/post"}],"author":[{"embeddable":true,"href":"https:\/\/contandohistorias.com.br\/index.php?rest_route=\/wp\/v2\/users\/1"}],"replies":[{"embeddable":true,"href":"https:\/\/contandohistorias.com.br\/index.php?rest_route=%2Fwp%2Fv2%2Fcomments&post=1150"}],"version-history":[{"count":1,"href":"https:\/\/contandohistorias.com.br\/index.php?rest_route=\/wp\/v2\/posts\/1150\/revisions"}],"predecessor-version":[{"id":1151,"href":"https:\/\/contandohistorias.com.br\/index.php?rest_route=\/wp\/v2\/posts\/1150\/revisions\/1151"}],"wp:attachment":[{"href":"https:\/\/contandohistorias.com.br\/index.php?rest_route=%2Fwp%2Fv2%2Fmedia&parent=1150"}],"wp:term":[{"taxonomy":"category","embeddable":true,"href":"https:\/\/contandohistorias.com.br\/index.php?rest_route=%2Fwp%2Fv2%2Fcategories&post=1150"},{"taxonomy":"post_tag","embeddable":true,"href":"https:\/\/contandohistorias.com.br\/index.php?rest_route=%2Fwp%2Fv2%2Ftags&post=1150"}],"curies":[{"name":"wp","href":"https:\/\/api.w.org\/{rel}","templated":true}]}}