{"id":1162,"date":"2024-09-03T11:14:44","date_gmt":"2024-09-03T14:14:44","guid":{"rendered":"https:\/\/new.contandohistorias.com.br\/?p=1162"},"modified":"2024-09-03T11:14:48","modified_gmt":"2024-09-03T14:14:48","slug":"ferreiro","status":"publish","type":"post","link":"https:\/\/contandohistorias.com.br\/?p=1162","title":{"rendered":"Ferreiro"},"content":{"rendered":"\n<figure class=\"wp-block-embed is-type-rich is-provider-incorporar-manipulador wp-block-embed-incorporar-manipulador\"><div class=\"wp-block-embed__wrapper\">\n<audio class=\"wp-audio-shortcode\" id=\"audio-1162-1\" preload=\"none\" style=\"width: 100%;\" controls=\"controls\"><source type=\"audio\/mpeg\" src=\"https:\/\/www.contandohistorias.com.br\/mp3\/2004123.mp3?_=1\" \/><a href=\"https:\/\/www.contandohistorias.com.br\/mp3\/2004123.mp3\">https:\/\/www.contandohistorias.com.br\/mp3\/2004123.mp3<\/a><\/audio>\n<\/div><\/figure>\n\n\n\n<p>Era uma vez um ferreiro que, ap\u00f3s uma juventude cheia de excessos, resolveu entregar sua alma a Deus. Durante muitos anos trabalhou com afinidade, praticou a caridade, mas, apesar de toda sua dedica\u00e7\u00e3o, nada parecia dar certo na sua vida. Muito pelo contr\u00e1rio: seus problemas e d\u00edvidas acumulavam-se cada vez mais.<\/p>\n\n\n\n<p>Uma bela tarde, um amigo que o visitara &#8211; e que se compadecia de sua situa\u00e7\u00e3o dif\u00edcil &#8211; comentou:<\/p>\n\n\n\n<p>&#8220;\u00c9 realmente estranho que, justamente depois que voc\u00ea resolveu se tornar um homem temente a Deus, sua vida come\u00e7ou a piorar. Eu n\u00e3o desejo enfraquecer sua f\u00e9, mas apesar de toda a sua cren\u00e7a no mundo espiritual, nada tem melhorado&#8221;.<\/p>\n\n\n\n<p>O ferreiro n\u00e3o respondeu imediatamente. Ele j\u00e1 havia pensado nisso muitas vezes, sem entender o que acontecia em sua vida. Entretanto, como n\u00e3o queria deixar o amigo sem resposta, come\u00e7ou a falar e terminou encontrando a explica\u00e7\u00e3o que procurava. Eis o que disse o ferreiro:<\/p>\n\n\n\n<p>&#8220;Eu recebo nesta oficina o a\u00e7o ainda n\u00e3o trabalhado e preciso transform\u00e1-lo em espadas. Voc\u00ea sabe como isto \u00e9 feito?<\/p>\n\n\n\n<p>Primeiro eu aque\u00e7o a chapa de a\u00e7o num calor infernal, at\u00e9 que fique vermelha. Em seguida, sem qualquer piedade, eu pego o martelo mais pesado e aplico golpes at\u00e9 que a pe\u00e7a adquira a forma desejada. Logo, ela \u00e9 mergulhada num balde de \u00e1gua fria e a oficina inteira se enche com o barulho do vapor, enquanto a pe\u00e7a estala e grita por causa da s\u00fabita mudan\u00e7a de temperatura. Tenho que repetir esse processo at\u00e9 conseguir a espada perfeita: uma vez apenas n\u00e3o \u00e9 suficiente&#8221;.<\/p>\n\n\n\n<p>O ferreiro deu uma longa pausa, acendeu um cigarro e continuou:<\/p>\n\n\n\n<p>&#8220;\u00c0s vezes, o a\u00e7o que chega at\u00e9 minhas m\u00e3os n\u00e3o consegue ag\u00fcentar esse tratamento. O calor, as marteladas e a \u00e1gua fria terminam por ench\u00ea-lo de rachaduras. E eu sei que jamais se transformar\u00e1 numa boa l\u00e2mina de espada. Ent\u00e3o, eu simplesmente o coloco no monte de ferro-velho que voc\u00ea viu na entrada de minha ferraria.<\/p>\n\n\n\n<p>Mais uma pausa e o ferreiro concluiu: &#8220;Sei que Deus est\u00e1 me colocando no fogo das afli\u00e7\u00f5es. Tenho aceito as marteladas que a vida me d\u00e1, e \u00e0s vezes sinto-me t\u00e3o frio e insens\u00edvel como a \u00e1gua que faz sofrer o a\u00e7o. Mas a \u00fanica coisa que pe\u00e7o \u00e9: &#8220;Meu Deus, n\u00e3o desista, at\u00e9 que eu consiga tomar a forma que o Senhor espera de mim. Tente da maneira que achar melhor, pelo tempo que quiser &#8211; mas jamais me coloque no monte de ferro-velho das almas&#8221;.<\/p>\n","protected":false},"excerpt":{"rendered":"<p>Era uma vez um ferreiro que, ap\u00f3s uma juventude cheia de excessos, resolveu entregar sua alma a Deus. Durante muitos anos trabalhou com afinidade, praticou a caridade, mas, apesar de toda sua dedica\u00e7\u00e3o, nada parecia dar certo na sua vida. Muito pelo contr\u00e1rio: seus problemas e d\u00edvidas acumulavam-se cada vez mais. Uma bela tarde, um [&hellip;]<\/p>\n","protected":false},"author":1,"featured_media":0,"comment_status":"open","ping_status":"open","sticky":false,"template":"","format":"standard","meta":{"_uag_custom_page_level_css":"","footnotes":""},"categories":[4],"tags":[],"class_list":["post-1162","post","type-post","status-publish","format-standard","hentry","category-historias","post-preview"],"uagb_featured_image_src":{"full":false,"thumbnail":false,"medium":false,"medium_large":false,"large":false,"1536x1536":false,"2048x2048":false,"post-image":false},"uagb_author_info":{"display_name":"Rubens","author_link":"https:\/\/contandohistorias.com.br\/?author=1"},"uagb_comment_info":0,"uagb_excerpt":"Era uma vez um ferreiro que, ap\u00f3s uma juventude cheia de excessos, resolveu entregar sua alma a Deus. Durante muitos anos trabalhou com afinidade, praticou a caridade, mas, apesar de toda sua dedica\u00e7\u00e3o, nada parecia dar certo na sua vida. Muito pelo contr\u00e1rio: seus problemas e d\u00edvidas acumulavam-se cada vez mais. Uma bela tarde, um&hellip;","_links":{"self":[{"href":"https:\/\/contandohistorias.com.br\/index.php?rest_route=\/wp\/v2\/posts\/1162","targetHints":{"allow":["GET"]}}],"collection":[{"href":"https:\/\/contandohistorias.com.br\/index.php?rest_route=\/wp\/v2\/posts"}],"about":[{"href":"https:\/\/contandohistorias.com.br\/index.php?rest_route=\/wp\/v2\/types\/post"}],"author":[{"embeddable":true,"href":"https:\/\/contandohistorias.com.br\/index.php?rest_route=\/wp\/v2\/users\/1"}],"replies":[{"embeddable":true,"href":"https:\/\/contandohistorias.com.br\/index.php?rest_route=%2Fwp%2Fv2%2Fcomments&post=1162"}],"version-history":[{"count":1,"href":"https:\/\/contandohistorias.com.br\/index.php?rest_route=\/wp\/v2\/posts\/1162\/revisions"}],"predecessor-version":[{"id":1163,"href":"https:\/\/contandohistorias.com.br\/index.php?rest_route=\/wp\/v2\/posts\/1162\/revisions\/1163"}],"wp:attachment":[{"href":"https:\/\/contandohistorias.com.br\/index.php?rest_route=%2Fwp%2Fv2%2Fmedia&parent=1162"}],"wp:term":[{"taxonomy":"category","embeddable":true,"href":"https:\/\/contandohistorias.com.br\/index.php?rest_route=%2Fwp%2Fv2%2Fcategories&post=1162"},{"taxonomy":"post_tag","embeddable":true,"href":"https:\/\/contandohistorias.com.br\/index.php?rest_route=%2Fwp%2Fv2%2Ftags&post=1162"}],"curies":[{"name":"wp","href":"https:\/\/api.w.org\/{rel}","templated":true}]}}