{"id":1198,"date":"2024-09-03T19:29:49","date_gmt":"2024-09-03T22:29:49","guid":{"rendered":"https:\/\/new.contandohistorias.com.br\/?p=1198"},"modified":"2024-09-03T19:29:52","modified_gmt":"2024-09-03T22:29:52","slug":"hoje-e-tudo-o-que-temos","status":"publish","type":"post","link":"https:\/\/contandohistorias.com.br\/?p=1198","title":{"rendered":"Hoje \u00e9 Tudo o que Temos"},"content":{"rendered":"\n<figure class=\"wp-block-embed is-type-rich is-provider-incorporar-manipulador wp-block-embed-incorporar-manipulador\"><div class=\"wp-block-embed__wrapper\">\n<audio class=\"wp-audio-shortcode\" id=\"audio-1198-1\" preload=\"none\" style=\"width: 100%;\" controls=\"controls\"><source type=\"audio\/mpeg\" src=\"https:\/\/www.contandohistorias.com.br\/mp3\/2004136.mp3?_=1\" \/><a href=\"https:\/\/www.contandohistorias.com.br\/mp3\/2004136.mp3\">https:\/\/www.contandohistorias.com.br\/mp3\/2004136.mp3<\/a><\/audio>\n<\/div><\/figure>\n\n\n\n<p>Um dos aspectos mais perturbadores da ansiedade \u00e9 a preocupa\u00e7\u00e3o com o futuro. Soren Kierkegaard disse: &#8220;Que \u00e9 a ansiedade? O dia seguinte.&#8221;<\/p>\n\n\n\n<p>O cap\u00edtulo ainda n\u00e3o escrito de nossa vida \u00e9 que perturba a maioria de n\u00f3s. Jesus nos oferece a solu\u00e7\u00e3o: deixe que o amanh\u00e3 cuide de si; viva hoje ao m\u00e1ximo. A mensagem de Cristo \u00e9 que se vivermos hoje da maneira que ele sugere, o amanh\u00e3 ser\u00e1 mais glorioso do que jamais ousamos imaginar, pois o que fazemos hoje est\u00e1 inseparavelmente relacionado com o que acontecer\u00e1 amanh\u00e3.<\/p>\n\n\n\n<p>Podemos influenciar o futuro atrav\u00e9s de como lidamos com o que est\u00e1 acontecendo. Jesus diz que h\u00e1 oportunidade suficiente hoje para vermos o seu poder em opera\u00e7\u00e3o contra o mal. Concentre-se nessa realidade e o amanh\u00e3 ser\u00e1 uma oportunidade de \u00eaxito. Uma vez que o nosso &#8220;amanh\u00e3&#8221; \u00faltimo, a vida eterna, esteja seguro, podemos viver sem reservas cada dia. A maioria de n\u00f3s se preocupa tanto com o futuro que n\u00e3o desfruta o presente. Preocupamo-nos com o que vir\u00e1 e falhamos em experimentar o que \u00c9.<\/p>\n\n\n\n<p>Prosseguimos em prepara\u00e7\u00e3o como se um novo plano, relacionamento ou oportunidade tornar\u00e1 tudo diferente. \u00c9 bom fazer planos, mas n\u00e3o a ponto de esquecer a voz de deus nos momentos mais dif\u00edceis da vida.<\/p>\n\n\n\n<p>As sementes da colheita do amanh\u00e3 s\u00e3o plantadas hoje. A maneira de as cultivarmos \u00e9 que determinar\u00e1 o que colheremos. N\u00e3o se esque\u00e7a de viver&#8230; hoje. Hoje \u00e9 tudo o que temos. N\u00e3o se esque\u00e7a de viver!<\/p>\n","protected":false},"excerpt":{"rendered":"<p>Um dos aspectos mais perturbadores da ansiedade \u00e9 a preocupa\u00e7\u00e3o com o futuro. Soren Kierkegaard disse: &#8220;Que \u00e9 a ansiedade? O dia seguinte.&#8221; O cap\u00edtulo ainda n\u00e3o escrito de nossa vida \u00e9 que perturba a maioria de n\u00f3s. Jesus nos oferece a solu\u00e7\u00e3o: deixe que o amanh\u00e3 cuide de si; viva hoje ao m\u00e1ximo. A [&hellip;]<\/p>\n","protected":false},"author":1,"featured_media":0,"comment_status":"open","ping_status":"open","sticky":false,"template":"","format":"standard","meta":{"_uag_custom_page_level_css":"","footnotes":""},"categories":[4],"tags":[],"class_list":["post-1198","post","type-post","status-publish","format-standard","hentry","category-historias","post-preview"],"uagb_featured_image_src":{"full":false,"thumbnail":false,"medium":false,"medium_large":false,"large":false,"1536x1536":false,"2048x2048":false,"post-image":false},"uagb_author_info":{"display_name":"Rubens","author_link":"https:\/\/contandohistorias.com.br\/?author=1"},"uagb_comment_info":0,"uagb_excerpt":"Um dos aspectos mais perturbadores da ansiedade \u00e9 a preocupa\u00e7\u00e3o com o futuro. Soren Kierkegaard disse: &#8220;Que \u00e9 a ansiedade? O dia seguinte.&#8221; O cap\u00edtulo ainda n\u00e3o escrito de nossa vida \u00e9 que perturba a maioria de n\u00f3s. Jesus nos oferece a solu\u00e7\u00e3o: deixe que o amanh\u00e3 cuide de si; viva hoje ao m\u00e1ximo. A&hellip;","_links":{"self":[{"href":"https:\/\/contandohistorias.com.br\/index.php?rest_route=\/wp\/v2\/posts\/1198","targetHints":{"allow":["GET"]}}],"collection":[{"href":"https:\/\/contandohistorias.com.br\/index.php?rest_route=\/wp\/v2\/posts"}],"about":[{"href":"https:\/\/contandohistorias.com.br\/index.php?rest_route=\/wp\/v2\/types\/post"}],"author":[{"embeddable":true,"href":"https:\/\/contandohistorias.com.br\/index.php?rest_route=\/wp\/v2\/users\/1"}],"replies":[{"embeddable":true,"href":"https:\/\/contandohistorias.com.br\/index.php?rest_route=%2Fwp%2Fv2%2Fcomments&post=1198"}],"version-history":[{"count":1,"href":"https:\/\/contandohistorias.com.br\/index.php?rest_route=\/wp\/v2\/posts\/1198\/revisions"}],"predecessor-version":[{"id":1199,"href":"https:\/\/contandohistorias.com.br\/index.php?rest_route=\/wp\/v2\/posts\/1198\/revisions\/1199"}],"wp:attachment":[{"href":"https:\/\/contandohistorias.com.br\/index.php?rest_route=%2Fwp%2Fv2%2Fmedia&parent=1198"}],"wp:term":[{"taxonomy":"category","embeddable":true,"href":"https:\/\/contandohistorias.com.br\/index.php?rest_route=%2Fwp%2Fv2%2Fcategories&post=1198"},{"taxonomy":"post_tag","embeddable":true,"href":"https:\/\/contandohistorias.com.br\/index.php?rest_route=%2Fwp%2Fv2%2Ftags&post=1198"}],"curies":[{"name":"wp","href":"https:\/\/api.w.org\/{rel}","templated":true}]}}