{"id":1216,"date":"2024-09-03T20:20:16","date_gmt":"2024-09-03T23:20:16","guid":{"rendered":"https:\/\/new.contandohistorias.com.br\/?p=1216"},"modified":"2024-09-03T20:20:19","modified_gmt":"2024-09-03T23:20:19","slug":"iniciativa-e-acabativa","status":"publish","type":"post","link":"https:\/\/contandohistorias.com.br\/?p=1216","title":{"rendered":"Iniciativa e acabativa"},"content":{"rendered":"\n<figure class=\"wp-block-embed is-type-rich is-provider-incorporar-manipulador wp-block-embed-incorporar-manipulador\"><div class=\"wp-block-embed__wrapper\">\n<audio class=\"wp-audio-shortcode\" id=\"audio-1216-1\" preload=\"none\" style=\"width: 100%;\" controls=\"controls\"><source type=\"audio\/mpeg\" src=\"https:\/\/www.contandohistorias.com.br\/mp3\/2006090.mp3?_=1\" \/><a href=\"https:\/\/www.contandohistorias.com.br\/mp3\/2006090.mp3\">https:\/\/www.contandohistorias.com.br\/mp3\/2006090.mp3<\/a><\/audio>\n<\/div><\/figure>\n\n\n\n<p><strong><em>Stephen Kanitz<\/em><\/strong><\/p>\n\n\n\n<p>Isto \u00e9 um teste de personalidade que poder\u00e1 alterar a sua vida. Portanto, preste muita aten\u00e7\u00e3o.<\/p>\n\n\n\n<p>Iniciativa \u00e9 a capacidade que todos n\u00f3s temos de criar, iniciar projetos e conceber novas id\u00e9ias. Algumas pessoas t\u00eam muita iniciativa e outras t\u00eam pouca.<\/p>\n\n\n\n<p>Acabativa, \u00e9 um neologismo que significa a capacidade que algumas pessoas possuem de terminar aquilo que iniciaram ou concluir o que outros come\u00e7aram. \u00c9 a capacidade de colocar em pr\u00e1tica uma id\u00e9ia e lev\u00e1-la at\u00e9 o fim.<\/p>\n\n\n\n<p>Os seres humanos podem ser divididos em tr\u00eas grupos, dependendo do grau de iniciativa e acabativa de cada um: os empreendedores, os iniciativos e os acabativos &#8211; sem contar os burocratas.<\/p>\n\n\n\n<p>\u2014 Empreendedores s\u00e3o aqueles que t\u00eam iniciativa e acabativa. Um seleto grupo que n\u00e3o se contenta em ficar na id\u00e9ia e vai a campo implant\u00e1-la.<\/p>\n\n\n\n<p>\u2014 Iniciativos s\u00e3o criativos, t\u00eam mil id\u00e9ias, mas abominam a rotina necess\u00e1ria para coloc\u00e1-las em pr\u00e1tica. S\u00e3o fil\u00f3sofos, cientistas, professores, intelectuais e a maioria dos economistas. S\u00e3o famosas as hist\u00f3rias de economistas que nunca assinaram uma promiss\u00f3ria. Acabativa \u00e9 o ponto fraco desse grupo.<\/p>\n\n\n\n<p>\u2014 Acabativos s\u00e3o aqueles que gostam de implantar projetos. Sua aten\u00e7\u00e3o vai mais para o detalhe do que para a teoria. N\u00e3o se preocupam com o imenso t\u00e9dio da repeti\u00e7\u00e3o do dia-a-dia e n\u00e3o desanimam com as in\u00fameras frustra\u00e7\u00f5es da implanta\u00e7\u00e3o. Nesse grupo est\u00e1 a maioria dos executivos, empres\u00e1rios, administradores e engenheiros.<\/p>\n\n\n\n<p>Essa singela classifica\u00e7\u00e3o explica muitas das contradi\u00e7\u00f5es do mundo moderno.<\/p>\n\n\n\n<p>Empres\u00e1rios descobrem rapidamente que ficar implantando suas pr\u00f3prias id\u00e9ias \u00e9 coisa de empreendedor ego\u00edsta. Limita o crescimento. Existem mais pessoas com excelentes id\u00e9ias do que pessoas capazes de implant\u00e1-las. \u00c9 por isso que empres\u00e1rios ficam ricos e intelectuais, professores &#8211; entre os quais me incluo &#8211; morrem pobres.<\/p>\n\n\n\n<p>Se Bill Gates tivesse se restringido a implantar suas pr\u00f3prias id\u00e9ias teria parado no Visual Basic. Ele fez fortuna porque foi h\u00e1bil em implantar as id\u00e9ias dos outros &#8211; dizem as m\u00e1s l\u00ednguas que at\u00e9 copiou algumas.<\/p>\n\n\n\n<p>Essa classifica\u00e7\u00e3o explica porque intelectual normalmente odeia empres\u00e1rio, e vice-versa. H\u00e1 uma enorme injusti\u00e7a na medida em que os lucros fluem para quem implantou uma id\u00e9ia, e n\u00e3o para quem a teve. Uma id\u00e9ia somente no papel \u00e9 letra morta, in\u00fatil para a sociedade como um todo.<\/p>\n\n\n\n<p>Um dos problemas do Brasil \u00e9 justamente a eterna predomin\u00e2ncia, em cargos de minist\u00e9rios, de professores brilhantes e com iniciativa, mas com pouca ou nenhuma acabativa. Para o Brasil come\u00e7ar a dar certo, precisamos procurar valorizar mais os brasileiros com a capacidade de implantar nossas id\u00e9ias. Tendemos a encarar o acabativo, o administrador, o executivo, o empres\u00e1rio como sendo parte do problema, quando na realidade eles s\u00e3o parte da solu\u00e7\u00e3o.<\/p>\n\n\n\n<p>Iniciativo almeja ser famoso, acabativo quer ser \u00fatil.<\/p>\n\n\n\n<p>Mas a verdade \u00e9 que a maioria dos intelectuais e iniciativos n\u00e3o tem o est\u00f4mago para devotar uma vida inteira para fazer dia ap\u00f3s dia, digamos bicicletas. O iniciativo vive mudando, testando, procurando coisas novas, e acaba tendo uma vida muito mais rica, mesmo que seja menos rent\u00e1vel.<\/p>\n\n\n\n<p>Por isso, a esquerda intelectual e a direita neoliberal conviver\u00e3o as turras, quando deveriam unir-se.<\/p>\n\n\n\n<p>Se voc\u00ea tem iniciativa mas n\u00e3o tem acabativa, fa\u00e7a correndo um curso de administra\u00e7\u00e3o ou tenha como s\u00f3cio um acabativo. H\u00e1 um ditado chin\u00eas, &#8220;Quem sabe e n\u00e3o faz, no fundo, n\u00e3o sabe&#8221; &#8211; muito apropriado para os dias de hoje.<\/p>\n\n\n\n<p>Se voc\u00ea tem acabativa mas n\u00e3o tem iniciativa, fa\u00e7a um curso de criatividade, estude um pouco de teoria. Empres\u00e1rio que se vangloria de nunca ter estudado n\u00e3o serve de modelo.<\/p>\n\n\n\n<p>No fundo, a esquerda precisa da acabativa da direita, e a direita precisa das iniciativas da esquerda.<\/p>\n\n\n\n<p>Finalmente, se voc\u00ea n\u00e3o tem iniciativa nem tampouco acabativa, s\u00f3 se pode dizer uma coisa: meus p\u00easames.<\/p>\n\n\n\n<p>M a r t h a<br>martha carrer cruz gabriel<\/p>\n","protected":false},"excerpt":{"rendered":"<p>Stephen Kanitz Isto \u00e9 um teste de personalidade que poder\u00e1 alterar a sua vida. Portanto, preste muita aten\u00e7\u00e3o. Iniciativa \u00e9 a capacidade que todos n\u00f3s temos de criar, iniciar projetos e conceber novas id\u00e9ias. Algumas pessoas t\u00eam muita iniciativa e outras t\u00eam pouca. Acabativa, \u00e9 um neologismo que significa a capacidade que algumas pessoas possuem [&hellip;]<\/p>\n","protected":false},"author":1,"featured_media":0,"comment_status":"open","ping_status":"open","sticky":false,"template":"","format":"standard","meta":{"_uag_custom_page_level_css":"","footnotes":""},"categories":[4],"tags":[],"class_list":["post-1216","post","type-post","status-publish","format-standard","hentry","category-historias","post-preview"],"uagb_featured_image_src":{"full":false,"thumbnail":false,"medium":false,"medium_large":false,"large":false,"1536x1536":false,"2048x2048":false,"post-image":false},"uagb_author_info":{"display_name":"Rubens","author_link":"https:\/\/contandohistorias.com.br\/?author=1"},"uagb_comment_info":0,"uagb_excerpt":"Stephen Kanitz Isto \u00e9 um teste de personalidade que poder\u00e1 alterar a sua vida. Portanto, preste muita aten\u00e7\u00e3o. Iniciativa \u00e9 a capacidade que todos n\u00f3s temos de criar, iniciar projetos e conceber novas id\u00e9ias. Algumas pessoas t\u00eam muita iniciativa e outras t\u00eam pouca. Acabativa, \u00e9 um neologismo que significa a capacidade que algumas pessoas possuem&hellip;","_links":{"self":[{"href":"https:\/\/contandohistorias.com.br\/index.php?rest_route=\/wp\/v2\/posts\/1216","targetHints":{"allow":["GET"]}}],"collection":[{"href":"https:\/\/contandohistorias.com.br\/index.php?rest_route=\/wp\/v2\/posts"}],"about":[{"href":"https:\/\/contandohistorias.com.br\/index.php?rest_route=\/wp\/v2\/types\/post"}],"author":[{"embeddable":true,"href":"https:\/\/contandohistorias.com.br\/index.php?rest_route=\/wp\/v2\/users\/1"}],"replies":[{"embeddable":true,"href":"https:\/\/contandohistorias.com.br\/index.php?rest_route=%2Fwp%2Fv2%2Fcomments&post=1216"}],"version-history":[{"count":1,"href":"https:\/\/contandohistorias.com.br\/index.php?rest_route=\/wp\/v2\/posts\/1216\/revisions"}],"predecessor-version":[{"id":1217,"href":"https:\/\/contandohistorias.com.br\/index.php?rest_route=\/wp\/v2\/posts\/1216\/revisions\/1217"}],"wp:attachment":[{"href":"https:\/\/contandohistorias.com.br\/index.php?rest_route=%2Fwp%2Fv2%2Fmedia&parent=1216"}],"wp:term":[{"taxonomy":"category","embeddable":true,"href":"https:\/\/contandohistorias.com.br\/index.php?rest_route=%2Fwp%2Fv2%2Fcategories&post=1216"},{"taxonomy":"post_tag","embeddable":true,"href":"https:\/\/contandohistorias.com.br\/index.php?rest_route=%2Fwp%2Fv2%2Ftags&post=1216"}],"curies":[{"name":"wp","href":"https:\/\/api.w.org\/{rel}","templated":true}]}}