{"id":1255,"date":"2024-09-03T20:42:03","date_gmt":"2024-09-03T23:42:03","guid":{"rendered":"https:\/\/new.contandohistorias.com.br\/?p=1255"},"modified":"2024-09-03T20:42:07","modified_gmt":"2024-09-03T23:42:07","slug":"lenda-sioux-da-aguia-e-do-falcao","status":"publish","type":"post","link":"https:\/\/contandohistorias.com.br\/?p=1255","title":{"rendered":"Lenda Sioux da \u00c1guia e do Falc\u00e3o!"},"content":{"rendered":"\n<figure class=\"wp-block-embed is-type-rich is-provider-incorporar-manipulador wp-block-embed-incorporar-manipulador\"><div class=\"wp-block-embed__wrapper\">\n<audio class=\"wp-audio-shortcode\" id=\"audio-1255-1\" preload=\"none\" style=\"width: 100%;\" controls=\"controls\"><source type=\"audio\/mpeg\" src=\"https:\/\/www.contandohistorias.com.br\/mp3\/2006644.mp3?_=1\" \/><a href=\"https:\/\/www.contandohistorias.com.br\/mp3\/2006644.mp3\">https:\/\/www.contandohistorias.com.br\/mp3\/2006644.mp3<\/a><\/audio>\n<\/div><\/figure>\n\n\n\n<p>Conta uma velha lenda dos \u00edndios Sioux, que uma vez, Touro Bravo, o mais valente e honrado de todos os jovens guerreiros, e Nuvem Azul, a filha do cacique, uma das mais formosas mulheres da tribo, chegaram de m\u00e3os dadas, at\u00e9 a tenda do velho feiticeiro da tribo &#8230;<\/p>\n\n\n\n<p>\u2014 N\u00f3s nos amamos&#8230; e vamos nos casar &#8211; disse o jovem.<\/p>\n\n\n\n<p>\u2014 E nos amamos tanto que queremos um feiti\u00e7o, um conselho, ou um talism\u00e3&#8230; alguma coisa que nos garanta que poderemos ficar sempre juntos&#8230; que nos assegure que estaremos um ao lado do outro at\u00e9 encontrarmos a morte. H\u00e1 algo que possamos fazer?<\/p>\n\n\n\n<p>E o velho emocionado ao v\u00ea-los t\u00e3o jovens, t\u00e3o apaixonados e t\u00e3o ansiosos por uma palavra, disse:<\/p>\n\n\n\n<p>\u2014 Tem uma coisa a ser feita, mas \u00e9 uma tarefa muito dif\u00edcil e sacrificada&#8230;<\/p>\n\n\n\n<p>Tu, Nuvem Azul, deves escalar o monte ao norte dessa aldeia, e apenas com uma rede e tuas m\u00e3os, deves ca\u00e7ar o falc\u00e3o mais vigoroso do monte e traze-lo aqui com vida, at\u00e9 o terceiro dia depois da lua cheia.<\/p>\n\n\n\n<p>E tu, Touro Bravo &#8211; continuou o feiticeiro &#8211; deves escalar a montanha do trono, e l\u00e1 em cima, encontrar\u00e1s a mais brava de todas as \u00e1guias, e somente com as tuas m\u00e3os e uma rede, dever\u00e1s apanh\u00e1-la trazendo-a para mim, viva!<\/p>\n\n\n\n<p>Os jovens abra\u00e7aram-se com ternura, e logo partiram para cumprir a miss\u00e3o recomendada&#8230; no dia estabelecido, \u00e0 frente da tenda do feiticeiro, os dois esperavam com as aves dentro de um saco.<\/p>\n\n\n\n<p>O velho pediu, que com cuidado as tirassem dos sacos&#8230; e viu eram verdadeiramente formosos exemplares&#8230;<\/p>\n\n\n\n<p>\u2014 E agora o que faremos? &#8211; perguntou o jovem &#8211; as matamos e depois bebemos a honra de seu sangue?<\/p>\n\n\n\n<p>Ou cozinhamos e depois comemos o valor da sua carne? &#8211; prop\u00f4s a jovem.<\/p>\n\n\n\n<p>\u2014 N\u00e3o! &#8211; disse o feiticeiro, apanhem as aves, e amarrem-nas entre si pelas patas com essas fitas de couro&#8230; quando as tiverem amarradas, soltem-nas, para que voem livres&#8230;<\/p>\n\n\n\n<p>O guerreiro e a jovem fizeram o que lhes foi ordenado, e soltaram os p\u00e1ssaros&#8230; a \u00e1guia e o falc\u00e3o, tentaram voar mas apenas conseguiram saltar pelo terreno. Minutos depois, irritadas pela incapacidade do voo, as aves arremessavam-se entre si, bicando-se at\u00e9 se machucar.<\/p>\n\n\n\n<p>E o velho disse: Jamais esque\u00e7am o que est\u00e3o vendo&#8230; este \u00e9 o meu conselho. Voc\u00eas s\u00e3o como a \u00e1guia e o falc\u00e3o&#8230; se estiverem amarrados um ao outro, ainda que por amor, n\u00e3o s\u00f3 viver\u00e3o arrastando-se, como tamb\u00e9m, cedo ou tarde, come\u00e7ar\u00e3o a machucar-se um ao outro&#8230; Se quiserem que o amor entre voc\u00eas perdure&#8230;Voem juntos mas jamais amarrados&#8221;.<\/p>\n","protected":false},"excerpt":{"rendered":"<p>Conta uma velha lenda dos \u00edndios Sioux, que uma vez, Touro Bravo, o mais valente e honrado de todos os jovens guerreiros, e Nuvem Azul, a filha do cacique, uma das mais formosas mulheres da tribo, chegaram de m\u00e3os dadas, at\u00e9 a tenda do velho feiticeiro da tribo &#8230; \u2014 N\u00f3s nos amamos&#8230; e vamos [&hellip;]<\/p>\n","protected":false},"author":1,"featured_media":0,"comment_status":"open","ping_status":"open","sticky":false,"template":"","format":"standard","meta":{"_uag_custom_page_level_css":"","footnotes":""},"categories":[4],"tags":[],"class_list":["post-1255","post","type-post","status-publish","format-standard","hentry","category-historias","post-preview"],"uagb_featured_image_src":{"full":false,"thumbnail":false,"medium":false,"medium_large":false,"large":false,"1536x1536":false,"2048x2048":false,"post-image":false},"uagb_author_info":{"display_name":"Rubens","author_link":"https:\/\/contandohistorias.com.br\/?author=1"},"uagb_comment_info":0,"uagb_excerpt":"Conta uma velha lenda dos \u00edndios Sioux, que uma vez, Touro Bravo, o mais valente e honrado de todos os jovens guerreiros, e Nuvem Azul, a filha do cacique, uma das mais formosas mulheres da tribo, chegaram de m\u00e3os dadas, at\u00e9 a tenda do velho feiticeiro da tribo &#8230; \u2014 N\u00f3s nos amamos&#8230; e vamos&hellip;","_links":{"self":[{"href":"https:\/\/contandohistorias.com.br\/index.php?rest_route=\/wp\/v2\/posts\/1255","targetHints":{"allow":["GET"]}}],"collection":[{"href":"https:\/\/contandohistorias.com.br\/index.php?rest_route=\/wp\/v2\/posts"}],"about":[{"href":"https:\/\/contandohistorias.com.br\/index.php?rest_route=\/wp\/v2\/types\/post"}],"author":[{"embeddable":true,"href":"https:\/\/contandohistorias.com.br\/index.php?rest_route=\/wp\/v2\/users\/1"}],"replies":[{"embeddable":true,"href":"https:\/\/contandohistorias.com.br\/index.php?rest_route=%2Fwp%2Fv2%2Fcomments&post=1255"}],"version-history":[{"count":1,"href":"https:\/\/contandohistorias.com.br\/index.php?rest_route=\/wp\/v2\/posts\/1255\/revisions"}],"predecessor-version":[{"id":1256,"href":"https:\/\/contandohistorias.com.br\/index.php?rest_route=\/wp\/v2\/posts\/1255\/revisions\/1256"}],"wp:attachment":[{"href":"https:\/\/contandohistorias.com.br\/index.php?rest_route=%2Fwp%2Fv2%2Fmedia&parent=1255"}],"wp:term":[{"taxonomy":"category","embeddable":true,"href":"https:\/\/contandohistorias.com.br\/index.php?rest_route=%2Fwp%2Fv2%2Fcategories&post=1255"},{"taxonomy":"post_tag","embeddable":true,"href":"https:\/\/contandohistorias.com.br\/index.php?rest_route=%2Fwp%2Fv2%2Ftags&post=1255"}],"curies":[{"name":"wp","href":"https:\/\/api.w.org\/{rel}","templated":true}]}}