{"id":1334,"date":"2024-09-05T10:41:39","date_gmt":"2024-09-05T13:41:39","guid":{"rendered":"https:\/\/new.contandohistorias.com.br\/?p=1334"},"modified":"2024-09-05T10:41:43","modified_gmt":"2024-09-05T13:41:43","slug":"namorar-depois-dos-cinquenta","status":"publish","type":"post","link":"https:\/\/contandohistorias.com.br\/?p=1334","title":{"rendered":"Namorar depois dos cinquenta"},"content":{"rendered":"\n<p>Em nossa idade, depois do meio s\u00e9culo, o amor j\u00e1 percorreu estradas, dobrou esquinas e optou em encruzilhadas&#8230;<\/p>\n\n\n\n<p>J\u00e1 errou, j\u00e1 acertou, j\u00e1 deslizou, j\u00e1 se arrependeu e, inevitavelmente, o tempo se foi.<\/p>\n\n\n\n<p>Viveu-se o amor, perdeu-se o amor, alguns pelas m\u00e3os de Deus, outros pelo enfraquecimento do viver a dois.<\/p>\n\n\n\n<p>Hoje o nosso olhar em dire\u00e7\u00e3o ao amor continua mais lindo, pois na longa caminhada dos sentimentos, aprendemos a somar, a dividir e a multiplicar, sem chances de diminuir no conhecimento do sentimento do amor .<\/p>\n\n\n\n<p>O amor maduro chega de mansinho e se aloja em nossa vida, sem tempo para acabar.<\/p>\n\n\n\n<p>O caminhar a dois \u00e9 mais sereno, a cumplicidade existe, o carinho \u00e9 mais espont\u00e2neo, n\u00e3o nos inibimos diante do querer, a sintonia \u00e9 completa e as lembran\u00e7as s\u00e3o depositadas no \u00e1lbum das saudades, que guardamos, de um tempo que n\u00e3o volta mais .<\/p>\n\n\n\n<p>Namorar na nossa idade \u00e9 carregar a ternura no olhar.<\/p>\n\n\n\n<p>O brilho \u00e9 mais intenso, a vontade de acertar \u00e9 mais forte.<\/p>\n\n\n\n<p>A constru\u00e7\u00e3o do caminhar a dois \u00e9 a soma do querer, \u00e9 o encontro de duas almas aplaudidas por dois cora\u00e7\u00f5es que dividem a emo\u00e7\u00e3o de amar.<\/p>\n\n\n\n<p>As pequeninas atitudes, os gestos e os detalhes s\u00e3o os alimentos que sustentam este amor.<\/p>\n\n\n\n<p>Viver a dois \u00e9 a alegria da companhia, do chamego dengoso, dos beijos ainda calientes, dos insinuantes olhares quando o desejo se manifesta e a promessa no olhar de que em todo amanhecer, ser\u00e1 o mais belo bom dia entre dois seres que encontraram o amor!<\/p>\n\n\n\n<p>Amar nunca \u00e9 demais.<\/p>\n\n\n\n<p>Feliz daquele que tem um enorme cora\u00e7\u00e3o, capaz de amar, amar, amar e acima de tudo saber ser amado&#8230;<\/p>\n\n\n\n<p>Fa\u00e7a o dia, a tarde, a noite do seu bem ser memor\u00e1vel.<\/p>\n\n\n\n<p><strong><em>Colabora\u00e7\u00e3o de Wilma Santiago<\/em><\/strong><\/p>\n","protected":false},"excerpt":{"rendered":"<p>Em nossa idade, depois do meio s\u00e9culo, o amor j\u00e1 percorreu estradas, dobrou esquinas e optou em encruzilhadas&#8230; J\u00e1 errou, j\u00e1 acertou, j\u00e1 deslizou, j\u00e1 se arrependeu e, inevitavelmente, o tempo se foi. Viveu-se o amor, perdeu-se o amor, alguns pelas m\u00e3os de Deus, outros pelo enfraquecimento do viver a dois. Hoje o nosso olhar [&hellip;]<\/p>\n","protected":false},"author":1,"featured_media":0,"comment_status":"open","ping_status":"open","sticky":false,"template":"","format":"standard","meta":{"_uag_custom_page_level_css":"","footnotes":""},"categories":[4],"tags":[],"class_list":["post-1334","post","type-post","status-publish","format-standard","hentry","category-historias","post-preview"],"uagb_featured_image_src":{"full":false,"thumbnail":false,"medium":false,"medium_large":false,"large":false,"1536x1536":false,"2048x2048":false,"post-image":false},"uagb_author_info":{"display_name":"Rubens","author_link":"https:\/\/contandohistorias.com.br\/?author=1"},"uagb_comment_info":0,"uagb_excerpt":"Em nossa idade, depois do meio s\u00e9culo, o amor j\u00e1 percorreu estradas, dobrou esquinas e optou em encruzilhadas&#8230; J\u00e1 errou, j\u00e1 acertou, j\u00e1 deslizou, j\u00e1 se arrependeu e, inevitavelmente, o tempo se foi. Viveu-se o amor, perdeu-se o amor, alguns pelas m\u00e3os de Deus, outros pelo enfraquecimento do viver a dois. Hoje o nosso olhar&hellip;","_links":{"self":[{"href":"https:\/\/contandohistorias.com.br\/index.php?rest_route=\/wp\/v2\/posts\/1334","targetHints":{"allow":["GET"]}}],"collection":[{"href":"https:\/\/contandohistorias.com.br\/index.php?rest_route=\/wp\/v2\/posts"}],"about":[{"href":"https:\/\/contandohistorias.com.br\/index.php?rest_route=\/wp\/v2\/types\/post"}],"author":[{"embeddable":true,"href":"https:\/\/contandohistorias.com.br\/index.php?rest_route=\/wp\/v2\/users\/1"}],"replies":[{"embeddable":true,"href":"https:\/\/contandohistorias.com.br\/index.php?rest_route=%2Fwp%2Fv2%2Fcomments&post=1334"}],"version-history":[{"count":1,"href":"https:\/\/contandohistorias.com.br\/index.php?rest_route=\/wp\/v2\/posts\/1334\/revisions"}],"predecessor-version":[{"id":1335,"href":"https:\/\/contandohistorias.com.br\/index.php?rest_route=\/wp\/v2\/posts\/1334\/revisions\/1335"}],"wp:attachment":[{"href":"https:\/\/contandohistorias.com.br\/index.php?rest_route=%2Fwp%2Fv2%2Fmedia&parent=1334"}],"wp:term":[{"taxonomy":"category","embeddable":true,"href":"https:\/\/contandohistorias.com.br\/index.php?rest_route=%2Fwp%2Fv2%2Fcategories&post=1334"},{"taxonomy":"post_tag","embeddable":true,"href":"https:\/\/contandohistorias.com.br\/index.php?rest_route=%2Fwp%2Fv2%2Ftags&post=1334"}],"curies":[{"name":"wp","href":"https:\/\/api.w.org\/{rel}","templated":true}]}}