{"id":1415,"date":"2024-09-06T20:49:44","date_gmt":"2024-09-06T23:49:44","guid":{"rendered":"https:\/\/new.contandohistorias.com.br\/?p=1415"},"modified":"2024-09-06T20:49:50","modified_gmt":"2024-09-06T23:49:50","slug":"o-cavalo-descontente","status":"publish","type":"post","link":"https:\/\/contandohistorias.com.br\/?p=1415","title":{"rendered":"O Cavalo Descontente"},"content":{"rendered":"\n<figure class=\"wp-block-embed is-type-rich is-provider-incorporar-manipulador wp-block-embed-incorporar-manipulador\"><div class=\"wp-block-embed__wrapper\">\n<audio class=\"wp-audio-shortcode\" id=\"audio-1415-1\" preload=\"none\" style=\"width: 100%;\" controls=\"controls\"><source type=\"audio\/mpeg\" src=\"https:\/\/www.contandohistorias.com.br\/mp3\/2006359.mp3?_=1\" \/><a href=\"https:\/\/www.contandohistorias.com.br\/mp3\/2006359.mp3\">https:\/\/www.contandohistorias.com.br\/mp3\/2006359.mp3<\/a><\/audio>\n<\/div><\/figure>\n\n\n\n<p><em>O Livro das virtudes para crian\u00e7as<\/em><br><em>por: William J. Bennett<\/em><\/p>\n\n\n\n<p>Sempre podemos encontrar motivos para nos sentirmos descontentes, se quisermos. Podemos, tamb\u00e9m, encontrar argumentos para nos considerarmos afortunados por estarmos vivos. Tudo depende da maneira como cada um v\u00ea a exist\u00eancia.<\/p>\n\n\n\n<p>Era uma vez um cavalo que, em pleno inverno, desejava o regresso da primavera. De fato, ainda que agora descansasse tranq\u00fcilamente no est\u00e1bulo, via-se obrigado a comer palha seca.<\/p>\n\n\n\n<p>\u2014 Ah, como sinto saudades de comer a erva fresca que nasce na primavera! dizia o pobre animal.<\/p>\n\n\n\n<p>A primavera chegou e o cavalo teve sua erva fresca, mas come\u00e7ou a trabalhar bastante porque era \u00e9poca da colheita.<\/p>\n\n\n\n<p>\u2014 Quando chegar\u00e1 o ver\u00e3o? J\u00e1 estou farto de passar o dia inteiro puxando o arado! lamentava-se o cavalo.<\/p>\n\n\n\n<p>Chegou o ver\u00e3o, mas o trabalho aumentou e o calor tornou-se muito forte.<\/p>\n\n\n\n<p>\u2014 Oh, o outono! Estou ansioso pela chegada do outono! dizia mais uma vez o cavalo, convencido de que naquela esta\u00e7\u00e3o terminariam seus males.<\/p>\n\n\n\n<p>Mas no outono teve que carregar lenha para que seu dono estivesse preparado para enfrentar o inverno. E o cavalo n\u00e3o parava de queixar-se e de sofrer.<\/p>\n\n\n\n<p>Quando o inverno chegou novamente, e o cavalo pode finalmente descansar, compreendeu que tinha sido fantasioso tentar fugir do momento presente e refugiar-se na quimera do futuro.<\/p>\n\n\n\n<p>Esta n\u00e3o \u00e9 a melhor forma de encarar a realidade da vida e do trabalho.<\/p>\n\n\n\n<p>\u00c9 melhor descobrir o que a vida tem de bom momento a momento, vivendo o presente da melhor forma poss\u00edvel.<\/p>\n\n\n\n<p><em>Colabora\u00e7\u00e3o de Renato J.G. Filho<\/em><\/p>\n","protected":false},"excerpt":{"rendered":"<p>O Livro das virtudes para crian\u00e7aspor: William J. Bennett Sempre podemos encontrar motivos para nos sentirmos descontentes, se quisermos. Podemos, tamb\u00e9m, encontrar argumentos para nos considerarmos afortunados por estarmos vivos. Tudo depende da maneira como cada um v\u00ea a exist\u00eancia. Era uma vez um cavalo que, em pleno inverno, desejava o regresso da primavera. De [&hellip;]<\/p>\n","protected":false},"author":1,"featured_media":0,"comment_status":"open","ping_status":"open","sticky":false,"template":"","format":"standard","meta":{"_uag_custom_page_level_css":"","footnotes":""},"categories":[4],"tags":[],"class_list":["post-1415","post","type-post","status-publish","format-standard","hentry","category-historias","post-preview"],"uagb_featured_image_src":{"full":false,"thumbnail":false,"medium":false,"medium_large":false,"large":false,"1536x1536":false,"2048x2048":false,"post-image":false},"uagb_author_info":{"display_name":"Rubens","author_link":"https:\/\/contandohistorias.com.br\/?author=1"},"uagb_comment_info":0,"uagb_excerpt":"O Livro das virtudes para crian\u00e7aspor: William J. Bennett Sempre podemos encontrar motivos para nos sentirmos descontentes, se quisermos. Podemos, tamb\u00e9m, encontrar argumentos para nos considerarmos afortunados por estarmos vivos. Tudo depende da maneira como cada um v\u00ea a exist\u00eancia. Era uma vez um cavalo que, em pleno inverno, desejava o regresso da primavera. De&hellip;","_links":{"self":[{"href":"https:\/\/contandohistorias.com.br\/index.php?rest_route=\/wp\/v2\/posts\/1415","targetHints":{"allow":["GET"]}}],"collection":[{"href":"https:\/\/contandohistorias.com.br\/index.php?rest_route=\/wp\/v2\/posts"}],"about":[{"href":"https:\/\/contandohistorias.com.br\/index.php?rest_route=\/wp\/v2\/types\/post"}],"author":[{"embeddable":true,"href":"https:\/\/contandohistorias.com.br\/index.php?rest_route=\/wp\/v2\/users\/1"}],"replies":[{"embeddable":true,"href":"https:\/\/contandohistorias.com.br\/index.php?rest_route=%2Fwp%2Fv2%2Fcomments&post=1415"}],"version-history":[{"count":1,"href":"https:\/\/contandohistorias.com.br\/index.php?rest_route=\/wp\/v2\/posts\/1415\/revisions"}],"predecessor-version":[{"id":1416,"href":"https:\/\/contandohistorias.com.br\/index.php?rest_route=\/wp\/v2\/posts\/1415\/revisions\/1416"}],"wp:attachment":[{"href":"https:\/\/contandohistorias.com.br\/index.php?rest_route=%2Fwp%2Fv2%2Fmedia&parent=1415"}],"wp:term":[{"taxonomy":"category","embeddable":true,"href":"https:\/\/contandohistorias.com.br\/index.php?rest_route=%2Fwp%2Fv2%2Fcategories&post=1415"},{"taxonomy":"post_tag","embeddable":true,"href":"https:\/\/contandohistorias.com.br\/index.php?rest_route=%2Fwp%2Fv2%2Ftags&post=1415"}],"curies":[{"name":"wp","href":"https:\/\/api.w.org\/{rel}","templated":true}]}}