{"id":1433,"date":"2024-09-06T20:54:51","date_gmt":"2024-09-06T23:54:51","guid":{"rendered":"https:\/\/new.contandohistorias.com.br\/?p=1433"},"modified":"2024-09-06T20:54:55","modified_gmt":"2024-09-06T23:54:55","slug":"odeio-prepotencia","status":"publish","type":"post","link":"https:\/\/contandohistorias.com.br\/?p=1433","title":{"rendered":"Odeio Prepot\u00eancia"},"content":{"rendered":"\n<figure class=\"wp-block-embed is-type-rich is-provider-incorporar-manipulador wp-block-embed-incorporar-manipulador\"><div class=\"wp-block-embed__wrapper\">\n<audio class=\"wp-audio-shortcode\" id=\"audio-1433-1\" preload=\"none\" style=\"width: 100%;\" controls=\"controls\"><source type=\"audio\/mpeg\" src=\"https:\/\/www.contandohistorias.com.br\/mp3\/2006545.mp3?_=1\" \/><a href=\"https:\/\/www.contandohistorias.com.br\/mp3\/2006545.mp3\">https:\/\/www.contandohistorias.com.br\/mp3\/2006545.mp3<\/a><\/audio>\n<\/div><\/figure>\n\n\n\n<p><strong><em>Paloma Jorge Amado<\/em><\/strong><\/p>\n\n\n\n<p>Era 1998, estavamos em Paris, papai j\u00e1 bem doente participara da Feira do Livro de Paris e recebera o doutoramento na Sorbonne, o que o deixou muito feliz. De repente, uma imensa crise de saude se abateu sobre ele, foram muitas noites sem dormir, s\u00f3 mam\u00e3e e eu com ele. Uma pequena melhora e fomos tomar o aviao da Varig (que saudades) para Salvador.<\/p>\n\n\n\n<p>Mam\u00e3e juntou tudo que mais gostavam no apartamento onde n\u00e3o mais voltaria e colocou em malas. Empurrando a cadeira de rodas de papai, ela o levou para uma sala reservada. E eu, com dois carrinhos, somando mais de 10 malas, entrava na fila da primeira classe. Em seguida chegou um casal que eu logo reconheci, era um politico do Sul (nao lembro se na \u00e9poca era senador ou governador, j\u00e1 foi tantas vezes os dois, que fica dificil lembrar). A mulher parecia uma arvore de Natal, cheia de saltos, cord\u00f5es de ouros e berloques (Cal\u00e1, com sua gra\u00e7a, diria: o jegue da festa do Bonfim). \u00c9 claro que eu estava de jeans e t\u00eanis, absolutamente exausta. De repente, a senhora bate no meu ombro e diz: Mo\u00e7a, esta fila \u00e9 da primeira classe, a de turistas \u00e9 aquela ao fundo. Me armei de paci\u00eancia e respondi: Sim, senhora, eu sei. Queria ter dito que eu pagara minha passagem enquanto a dela o povo pagara, mas nao disse. Ficou por isso. De repente, o senhor disse \u00e0 mulher, bem alto para que eu escutasse: at\u00e9 parece que vai de mudan\u00e7a, como os retirantes nordestinos. Eu s\u00f3 sorri. Terminei o check in e fui encontrar meus pais.<\/p>\n\n\n\n<p>Pouco depois bateram \u00e0 porta, era o casal querendo cumprimentar o escritor. N\u00e3o mandei, \u00e0s favas, apesar de desejar faz\u00ea-lo, mas educadamente disse n\u00e3o. Hoje, quando vi na tv o Senador dizendo que foi agredido por um rep\u00f3rter, por isso tomou seu gravador, apagou seu chip, eteceteraetal, fiquei muito retada, me deu uma crise de mariasampaismo e resolvi contar este triste epis\u00f3dio pelo qual passei. S\u00f3 eu e o gerente da Varig fomos testemunhas deste epis\u00f3dio, meus pais nunca souberam de nada?<\/p>\n\n\n\n<p><em>(*) Paloma Jorge Amado \u00e9 psic\u00f3loga. Define a sua prefer\u00eancia pol\u00edtica desta forma. &#8220;Sou livre pensadora. Odeio tudo que \u00e9 contra o povo, reacion\u00e1rio, retr\u00f3grado, preconceituoso. Se tivesse que escolher uma ala, escolheria a das Baianas.&#8221;<\/em><\/p>\n\n\n\n<p><strong><em>Colabora\u00e7\u00e3o de Wilma Santiago<\/em><\/strong><\/p>\n","protected":false},"excerpt":{"rendered":"<p>Paloma Jorge Amado Era 1998, estavamos em Paris, papai j\u00e1 bem doente participara da Feira do Livro de Paris e recebera o doutoramento na Sorbonne, o que o deixou muito feliz. De repente, uma imensa crise de saude se abateu sobre ele, foram muitas noites sem dormir, s\u00f3 mam\u00e3e e eu com ele. Uma pequena [&hellip;]<\/p>\n","protected":false},"author":1,"featured_media":0,"comment_status":"open","ping_status":"open","sticky":false,"template":"","format":"standard","meta":{"_uag_custom_page_level_css":"","footnotes":""},"categories":[4],"tags":[],"class_list":["post-1433","post","type-post","status-publish","format-standard","hentry","category-historias","post-preview"],"uagb_featured_image_src":{"full":false,"thumbnail":false,"medium":false,"medium_large":false,"large":false,"1536x1536":false,"2048x2048":false,"post-image":false},"uagb_author_info":{"display_name":"Rubens","author_link":"https:\/\/contandohistorias.com.br\/?author=1"},"uagb_comment_info":0,"uagb_excerpt":"Paloma Jorge Amado Era 1998, estavamos em Paris, papai j\u00e1 bem doente participara da Feira do Livro de Paris e recebera o doutoramento na Sorbonne, o que o deixou muito feliz. De repente, uma imensa crise de saude se abateu sobre ele, foram muitas noites sem dormir, s\u00f3 mam\u00e3e e eu com ele. Uma pequena&hellip;","_links":{"self":[{"href":"https:\/\/contandohistorias.com.br\/index.php?rest_route=\/wp\/v2\/posts\/1433","targetHints":{"allow":["GET"]}}],"collection":[{"href":"https:\/\/contandohistorias.com.br\/index.php?rest_route=\/wp\/v2\/posts"}],"about":[{"href":"https:\/\/contandohistorias.com.br\/index.php?rest_route=\/wp\/v2\/types\/post"}],"author":[{"embeddable":true,"href":"https:\/\/contandohistorias.com.br\/index.php?rest_route=\/wp\/v2\/users\/1"}],"replies":[{"embeddable":true,"href":"https:\/\/contandohistorias.com.br\/index.php?rest_route=%2Fwp%2Fv2%2Fcomments&post=1433"}],"version-history":[{"count":1,"href":"https:\/\/contandohistorias.com.br\/index.php?rest_route=\/wp\/v2\/posts\/1433\/revisions"}],"predecessor-version":[{"id":1434,"href":"https:\/\/contandohistorias.com.br\/index.php?rest_route=\/wp\/v2\/posts\/1433\/revisions\/1434"}],"wp:attachment":[{"href":"https:\/\/contandohistorias.com.br\/index.php?rest_route=%2Fwp%2Fv2%2Fmedia&parent=1433"}],"wp:term":[{"taxonomy":"category","embeddable":true,"href":"https:\/\/contandohistorias.com.br\/index.php?rest_route=%2Fwp%2Fv2%2Fcategories&post=1433"},{"taxonomy":"post_tag","embeddable":true,"href":"https:\/\/contandohistorias.com.br\/index.php?rest_route=%2Fwp%2Fv2%2Ftags&post=1433"}],"curies":[{"name":"wp","href":"https:\/\/api.w.org\/{rel}","templated":true}]}}