{"id":1503,"date":"2024-09-07T20:18:45","date_gmt":"2024-09-07T23:18:45","guid":{"rendered":"https:\/\/new.contandohistorias.com.br\/?p=1503"},"modified":"2024-09-07T20:18:49","modified_gmt":"2024-09-07T23:18:49","slug":"o-paradoxo-de-nosso-tempo","status":"publish","type":"post","link":"https:\/\/contandohistorias.com.br\/?p=1503","title":{"rendered":"O Paradoxo de Nosso Tempo"},"content":{"rendered":"\n<figure class=\"wp-block-embed is-type-rich is-provider-incorporar-manipulador wp-block-embed-incorporar-manipulador\"><div class=\"wp-block-embed__wrapper\">\n<audio class=\"wp-audio-shortcode\" id=\"audio-1503-1\" preload=\"none\" style=\"width: 100%;\" controls=\"controls\"><source type=\"audio\/mpeg\" src=\"https:\/\/www.contandohistorias.com.br\/mp3\/2006417.mp3?_=1\" \/><a href=\"https:\/\/www.contandohistorias.com.br\/mp3\/2006417.mp3\">https:\/\/www.contandohistorias.com.br\/mp3\/2006417.mp3<\/a><\/audio>\n<\/div><\/figure>\n\n\n\n<p>O paradoxo de nosso tempo na hist\u00f3ria \u00e9 que temos edif\u00edcios mais altos, mas pavios mais curtos; auto-estradas mais largas, mas pontos de vista mais estreitos; gastamos mais, mas temos menos; n\u00f3s compramos mais, mas desfrutamos menos.<\/p>\n\n\n\n<p>Temos casas maiores e fam\u00edlias menores; mais conveni\u00eancias, mas menos tempo; temos mais graus acad\u00eamicos, mas menos senso; mais conhecimento e menos poder de julgamento; mais profici\u00eancia, por\u00e9m mais problemas; mais medicina, mas menos sa\u00fade.<\/p>\n\n\n\n<p>Bebemos demais, fumamos demais, gastamos de forma perdul\u00e1ria, rimos de menos, dirigimos r\u00e1pido demais, nos irritamos muito facilmente, ficamos acordados at\u00e9 tarde, acordamos cansados demais, raramente paramos para ler um livro, ficamos tempo demais diante da TV e raramente oramos.<\/p>\n\n\n\n<p>Multiplicamos nossas posses, mas reduzimos nossos valores. Falamos demais, amamos raramente e odiamos com muita freq\u00fc\u00eancia. Aprendemos como ganhar a vida, mas n\u00e3o vivemos essa vida. Adicionamos anos \u00e0 extens\u00e3o de nossas vidas, mas n\u00e3o vida \u00e0 extens\u00e3o de nossos anos. J\u00e1 fomos \u00e0 Lua e dela voltamos, mas temos dificuldade em atravessar a rua e nos encontrarmos com nosso novo vizinho.<\/p>\n\n\n\n<p>Conquistamos o espa\u00e7o exterior, mas n\u00e3o nosso espa\u00e7o interior. Fizemos coisas maiores, mas n\u00e3o coisas melhores. Limpamos o ar, mas polu\u00edmos a alma. Dividimos o \u00e1tomo, mas n\u00e3o nossos preconceitos. Escrevemos mais, mas aprendemos menos. Planejamos mais, mas realizamos menos.<\/p>\n\n\n\n<p>Aprendemos a correr contra o tempo, mas n\u00e3o a esperar com paci\u00eancia. Temos maiores rendimentos, mas menor padr\u00e3o moral. Temos mais comida, mas menos apaziguamento. Constru\u00edmos mais computadores para armazenar mais informa\u00e7\u00f5es para produzir mais c\u00f3pias do que nunca, mas temos menos comunica\u00e7\u00e3o. Tivemos avan\u00e7os na quantidade, mas n\u00e3o em qualidade.<\/p>\n\n\n\n<p>Estes s\u00e3o tempos de refei\u00e7\u00f5es r\u00e1pidas e digest\u00e3o lenta; de homens altos e car\u00e1ter baixo; lucros expressivos, mas relacionamentos rasos. Estes s\u00e3o tempos em que se almeja paz mundial, mas perdura a guerra nos lares; temos mais lazer, mas menos divers\u00e3o; maior variedade de tipos de comida, mas menos nutri\u00e7\u00e3o. S\u00e3o dias de duas fontes de renda, mas de mais div\u00f3rcios; de resid\u00eancias mais belas, mas lares quebrados.<\/p>\n\n\n\n<p>S\u00e3o dias de viagens r\u00e1pidas, fraldas descart\u00e1veis, moralidade tamb\u00e9m descart\u00e1vel, ficadas de uma s\u00f3 noite, corpos acima do peso, e p\u00edlulas que fazem de tudo: alegrar, aquietar, matar.<\/p>\n\n\n\n<p>\u00c9 um tempo em que h\u00e1 muito na vitrine e nada no estoque; um tempo em que a tecnologia pode levar-lhe estas palavras e voc\u00ea pode escolher entre fazer alguma diferen\u00e7a, com Ctrl C e Ctrl, V ou simplesmente apertar a tecla Del.<\/p>\n\n\n\n<p><em>Colabora\u00e7\u00e3o de Rony Lima<\/em><\/p>\n","protected":false},"excerpt":{"rendered":"<p>O paradoxo de nosso tempo na hist\u00f3ria \u00e9 que temos edif\u00edcios mais altos, mas pavios mais curtos; auto-estradas mais largas, mas pontos de vista mais estreitos; gastamos mais, mas temos menos; n\u00f3s compramos mais, mas desfrutamos menos. Temos casas maiores e fam\u00edlias menores; mais conveni\u00eancias, mas menos tempo; temos mais graus acad\u00eamicos, mas menos senso; [&hellip;]<\/p>\n","protected":false},"author":1,"featured_media":0,"comment_status":"open","ping_status":"open","sticky":false,"template":"","format":"standard","meta":{"_uag_custom_page_level_css":"","footnotes":""},"categories":[4],"tags":[],"class_list":["post-1503","post","type-post","status-publish","format-standard","hentry","category-historias","post-preview"],"uagb_featured_image_src":{"full":false,"thumbnail":false,"medium":false,"medium_large":false,"large":false,"1536x1536":false,"2048x2048":false,"post-image":false},"uagb_author_info":{"display_name":"Rubens","author_link":"https:\/\/contandohistorias.com.br\/?author=1"},"uagb_comment_info":0,"uagb_excerpt":"O paradoxo de nosso tempo na hist\u00f3ria \u00e9 que temos edif\u00edcios mais altos, mas pavios mais curtos; auto-estradas mais largas, mas pontos de vista mais estreitos; gastamos mais, mas temos menos; n\u00f3s compramos mais, mas desfrutamos menos. Temos casas maiores e fam\u00edlias menores; mais conveni\u00eancias, mas menos tempo; temos mais graus acad\u00eamicos, mas menos senso;&hellip;","_links":{"self":[{"href":"https:\/\/contandohistorias.com.br\/index.php?rest_route=\/wp\/v2\/posts\/1503","targetHints":{"allow":["GET"]}}],"collection":[{"href":"https:\/\/contandohistorias.com.br\/index.php?rest_route=\/wp\/v2\/posts"}],"about":[{"href":"https:\/\/contandohistorias.com.br\/index.php?rest_route=\/wp\/v2\/types\/post"}],"author":[{"embeddable":true,"href":"https:\/\/contandohistorias.com.br\/index.php?rest_route=\/wp\/v2\/users\/1"}],"replies":[{"embeddable":true,"href":"https:\/\/contandohistorias.com.br\/index.php?rest_route=%2Fwp%2Fv2%2Fcomments&post=1503"}],"version-history":[{"count":1,"href":"https:\/\/contandohistorias.com.br\/index.php?rest_route=\/wp\/v2\/posts\/1503\/revisions"}],"predecessor-version":[{"id":1504,"href":"https:\/\/contandohistorias.com.br\/index.php?rest_route=\/wp\/v2\/posts\/1503\/revisions\/1504"}],"wp:attachment":[{"href":"https:\/\/contandohistorias.com.br\/index.php?rest_route=%2Fwp%2Fv2%2Fmedia&parent=1503"}],"wp:term":[{"taxonomy":"category","embeddable":true,"href":"https:\/\/contandohistorias.com.br\/index.php?rest_route=%2Fwp%2Fv2%2Fcategories&post=1503"},{"taxonomy":"post_tag","embeddable":true,"href":"https:\/\/contandohistorias.com.br\/index.php?rest_route=%2Fwp%2Fv2%2Ftags&post=1503"}],"curies":[{"name":"wp","href":"https:\/\/api.w.org\/{rel}","templated":true}]}}