{"id":1513,"date":"2024-09-07T20:21:26","date_gmt":"2024-09-07T23:21:26","guid":{"rendered":"https:\/\/new.contandohistorias.com.br\/?p=1513"},"modified":"2024-09-07T20:21:30","modified_gmt":"2024-09-07T23:21:30","slug":"o-pior-analfabeto-2","status":"publish","type":"post","link":"https:\/\/contandohistorias.com.br\/?p=1513","title":{"rendered":"O pior analfabeto"},"content":{"rendered":"\n<figure class=\"wp-block-embed is-type-rich is-provider-incorporar-manipulador wp-block-embed-incorporar-manipulador\"><div class=\"wp-block-embed__wrapper\">\n<audio class=\"wp-audio-shortcode\" id=\"audio-1513-1\" preload=\"none\" style=\"width: 100%;\" controls=\"controls\"><source type=\"audio\/mpeg\" src=\"https:\/\/www.contandohistorias.com.br\/mp3\/2006475.mp3?_=1\" \/><a href=\"https:\/\/www.contandohistorias.com.br\/mp3\/2006475.mp3\">https:\/\/www.contandohistorias.com.br\/mp3\/2006475.mp3<\/a><\/audio>\n<\/div><\/figure>\n\n\n\n<p><strong><em>Bertold Brecht<\/em><\/strong><\/p>\n\n\n\n<p>O pior analfabeto \u00e9 o analfabeto pol\u00edtico. Ele n\u00e3o ouve, n\u00e3o fala, nem participa dos acontecimentos pol\u00edticos. Ele n\u00e3o sabe que o custo de vida, o pre\u00e7o do feij\u00e3o, do peixe, da farinha, do aluguel, do sapato e do rem\u00e9dio dependem das decis\u00f5es pol\u00edticas.<\/p>\n\n\n\n<p>O analfabeto pol\u00edtico \u00e9 t\u00e3o burro que se orgulha e estufa o peito dizendo que odeia a pol\u00edtica. N\u00e3o sabe o imbecil que, da sua ignor\u00e2ncia pol\u00edtica, nasce a prostituta, o menor abandonado, e o pior de todos os bandidos, que \u00e9 o pol\u00edtico vigarista, pilantra, corrupto e lacaio das empresas nacionais e multinacionais.<\/p>\n","protected":false},"excerpt":{"rendered":"<p>Bertold Brecht O pior analfabeto \u00e9 o analfabeto pol\u00edtico. Ele n\u00e3o ouve, n\u00e3o fala, nem participa dos acontecimentos pol\u00edticos. Ele n\u00e3o sabe que o custo de vida, o pre\u00e7o do feij\u00e3o, do peixe, da farinha, do aluguel, do sapato e do rem\u00e9dio dependem das decis\u00f5es pol\u00edticas. O analfabeto pol\u00edtico \u00e9 t\u00e3o burro que se orgulha [&hellip;]<\/p>\n","protected":false},"author":1,"featured_media":0,"comment_status":"open","ping_status":"open","sticky":false,"template":"","format":"standard","meta":{"_uag_custom_page_level_css":"","footnotes":""},"categories":[4],"tags":[],"class_list":["post-1513","post","type-post","status-publish","format-standard","hentry","category-historias","post-preview"],"uagb_featured_image_src":{"full":false,"thumbnail":false,"medium":false,"medium_large":false,"large":false,"1536x1536":false,"2048x2048":false,"post-image":false},"uagb_author_info":{"display_name":"Rubens","author_link":"https:\/\/contandohistorias.com.br\/?author=1"},"uagb_comment_info":0,"uagb_excerpt":"Bertold Brecht O pior analfabeto \u00e9 o analfabeto pol\u00edtico. Ele n\u00e3o ouve, n\u00e3o fala, nem participa dos acontecimentos pol\u00edticos. Ele n\u00e3o sabe que o custo de vida, o pre\u00e7o do feij\u00e3o, do peixe, da farinha, do aluguel, do sapato e do rem\u00e9dio dependem das decis\u00f5es pol\u00edticas. O analfabeto pol\u00edtico \u00e9 t\u00e3o burro que se orgulha&hellip;","_links":{"self":[{"href":"https:\/\/contandohistorias.com.br\/index.php?rest_route=\/wp\/v2\/posts\/1513","targetHints":{"allow":["GET"]}}],"collection":[{"href":"https:\/\/contandohistorias.com.br\/index.php?rest_route=\/wp\/v2\/posts"}],"about":[{"href":"https:\/\/contandohistorias.com.br\/index.php?rest_route=\/wp\/v2\/types\/post"}],"author":[{"embeddable":true,"href":"https:\/\/contandohistorias.com.br\/index.php?rest_route=\/wp\/v2\/users\/1"}],"replies":[{"embeddable":true,"href":"https:\/\/contandohistorias.com.br\/index.php?rest_route=%2Fwp%2Fv2%2Fcomments&post=1513"}],"version-history":[{"count":1,"href":"https:\/\/contandohistorias.com.br\/index.php?rest_route=\/wp\/v2\/posts\/1513\/revisions"}],"predecessor-version":[{"id":1514,"href":"https:\/\/contandohistorias.com.br\/index.php?rest_route=\/wp\/v2\/posts\/1513\/revisions\/1514"}],"wp:attachment":[{"href":"https:\/\/contandohistorias.com.br\/index.php?rest_route=%2Fwp%2Fv2%2Fmedia&parent=1513"}],"wp:term":[{"taxonomy":"category","embeddable":true,"href":"https:\/\/contandohistorias.com.br\/index.php?rest_route=%2Fwp%2Fv2%2Fcategories&post=1513"},{"taxonomy":"post_tag","embeddable":true,"href":"https:\/\/contandohistorias.com.br\/index.php?rest_route=%2Fwp%2Fv2%2Ftags&post=1513"}],"curies":[{"name":"wp","href":"https:\/\/api.w.org\/{rel}","templated":true}]}}