{"id":1519,"date":"2024-09-07T20:22:54","date_gmt":"2024-09-07T23:22:54","guid":{"rendered":"https:\/\/new.contandohistorias.com.br\/?p=1519"},"modified":"2024-09-07T20:22:57","modified_gmt":"2024-09-07T23:22:57","slug":"o-poder-das-palavras","status":"publish","type":"post","link":"https:\/\/contandohistorias.com.br\/?p=1519","title":{"rendered":"O poder das palavras"},"content":{"rendered":"\n<figure class=\"wp-block-embed is-type-rich is-provider-incorporar-manipulador wp-block-embed-incorporar-manipulador\"><div class=\"wp-block-embed__wrapper\">\n<audio class=\"wp-audio-shortcode\" id=\"audio-1519-1\" preload=\"none\" style=\"width: 100%;\" controls=\"controls\"><source type=\"audio\/mpeg\" src=\"https:\/\/www.contandohistorias.com.br\/mp3\/2006179.mp3?_=1\" \/><a href=\"https:\/\/www.contandohistorias.com.br\/mp3\/2006179.mp3\">https:\/\/www.contandohistorias.com.br\/mp3\/2006179.mp3<\/a><\/audio>\n<\/div><\/figure>\n\n\n\n<p>Um orador fala do poder do pensamento positivo e das palavras.<\/p>\n\n\n\n<p>Um participante levanta a m\u00e3o e diz:<\/p>\n\n\n\n<p>\u2014 N\u00e3o \u00e9 porque eu vou dizer felicidade, felicidade, felicidade! que me irei sentir melhor e n\u00e3o \u00e9 porque eu vou dizer desgra\u00e7a, desgra\u00e7a, desgra\u00e7a! que me irei sentir menos bem: n\u00e3o s\u00e3o mais que palavras.<\/p>\n\n\n\n<p>As palavras s\u00e3o isso mesmo, sem poder&#8230;<\/p>\n\n\n\n<p>O orador responde:<\/p>\n\n\n\n<p>\u2014 Cale-se, seu idiota, \u00e9 incapaz de compreender o que quer que seja!<\/p>\n\n\n\n<p>O participante est\u00e1 paralisado, ele muda de cor e prepara-se para replicar agressivamente:<\/p>\n\n\n\n<p>\u2014 Voc\u00ea, esp\u00e9cie de&#8230;<\/p>\n\n\n\n<p>O orador levanta a m\u00e3o:<\/p>\n\n\n\n<p>\u2014 Pe\u00e7o que me desculpe. Eu n\u00e3o quero magoar. Pe\u00e7o que aceite as minhas sinceras desculpas.<\/p>\n\n\n\n<p>O participante acalma-se.<\/p>\n\n\n\n<p>Os outros participantes murmuram e h\u00e1 agita\u00e7\u00e3o na sala.<\/p>\n\n\n\n<p>O orador interv\u00e9m:<\/p>\n\n\n\n<p>\u2014 T\u00eam a resposta \u00e0 quest\u00e3o que puseram: algumas palavras desencadeiam dentro de vos raiva e c\u00f3lera. Outras acalmam-vos.<\/p>\n\n\n\n<p>Compreendem melhor o poder das palavras?<\/p>\n\n\n\n<p><em>Colabora\u00e7\u00e3o: Renato Antunes Oliveira<\/em><\/p>\n","protected":false},"excerpt":{"rendered":"<p>Um orador fala do poder do pensamento positivo e das palavras. Um participante levanta a m\u00e3o e diz: \u2014 N\u00e3o \u00e9 porque eu vou dizer felicidade, felicidade, felicidade! que me irei sentir melhor e n\u00e3o \u00e9 porque eu vou dizer desgra\u00e7a, desgra\u00e7a, desgra\u00e7a! que me irei sentir menos bem: n\u00e3o s\u00e3o mais que palavras. As [&hellip;]<\/p>\n","protected":false},"author":1,"featured_media":0,"comment_status":"open","ping_status":"open","sticky":false,"template":"","format":"standard","meta":{"_uag_custom_page_level_css":"","footnotes":""},"categories":[4],"tags":[],"class_list":["post-1519","post","type-post","status-publish","format-standard","hentry","category-historias","post-preview"],"uagb_featured_image_src":{"full":false,"thumbnail":false,"medium":false,"medium_large":false,"large":false,"1536x1536":false,"2048x2048":false,"post-image":false},"uagb_author_info":{"display_name":"Rubens","author_link":"https:\/\/contandohistorias.com.br\/?author=1"},"uagb_comment_info":0,"uagb_excerpt":"Um orador fala do poder do pensamento positivo e das palavras. Um participante levanta a m\u00e3o e diz: \u2014 N\u00e3o \u00e9 porque eu vou dizer felicidade, felicidade, felicidade! que me irei sentir melhor e n\u00e3o \u00e9 porque eu vou dizer desgra\u00e7a, desgra\u00e7a, desgra\u00e7a! que me irei sentir menos bem: n\u00e3o s\u00e3o mais que palavras. As&hellip;","_links":{"self":[{"href":"https:\/\/contandohistorias.com.br\/index.php?rest_route=\/wp\/v2\/posts\/1519","targetHints":{"allow":["GET"]}}],"collection":[{"href":"https:\/\/contandohistorias.com.br\/index.php?rest_route=\/wp\/v2\/posts"}],"about":[{"href":"https:\/\/contandohistorias.com.br\/index.php?rest_route=\/wp\/v2\/types\/post"}],"author":[{"embeddable":true,"href":"https:\/\/contandohistorias.com.br\/index.php?rest_route=\/wp\/v2\/users\/1"}],"replies":[{"embeddable":true,"href":"https:\/\/contandohistorias.com.br\/index.php?rest_route=%2Fwp%2Fv2%2Fcomments&post=1519"}],"version-history":[{"count":1,"href":"https:\/\/contandohistorias.com.br\/index.php?rest_route=\/wp\/v2\/posts\/1519\/revisions"}],"predecessor-version":[{"id":1520,"href":"https:\/\/contandohistorias.com.br\/index.php?rest_route=\/wp\/v2\/posts\/1519\/revisions\/1520"}],"wp:attachment":[{"href":"https:\/\/contandohistorias.com.br\/index.php?rest_route=%2Fwp%2Fv2%2Fmedia&parent=1519"}],"wp:term":[{"taxonomy":"category","embeddable":true,"href":"https:\/\/contandohistorias.com.br\/index.php?rest_route=%2Fwp%2Fv2%2Fcategories&post=1519"},{"taxonomy":"post_tag","embeddable":true,"href":"https:\/\/contandohistorias.com.br\/index.php?rest_route=%2Fwp%2Fv2%2Ftags&post=1519"}],"curies":[{"name":"wp","href":"https:\/\/api.w.org\/{rel}","templated":true}]}}