{"id":154,"date":"2024-08-09T11:35:53","date_gmt":"2024-08-09T14:35:53","guid":{"rendered":"https:\/\/new.contandohistorias.com.br\/?p=154"},"modified":"2024-08-09T11:55:47","modified_gmt":"2024-08-09T14:55:47","slug":"cultura-geral","status":"publish","type":"post","link":"https:\/\/contandohistorias.com.br\/?p=154","title":{"rendered":"Cultura geral"},"content":{"rendered":"\n<p><em>F. Pereira N\u00f3brega<\/em><\/p>\n\n\n\n<figure class=\"wp-block-embed is-type-rich is-provider-incorporar-manipulador wp-block-embed-incorporar-manipulador\"><div class=\"wp-block-embed__wrapper\">\n<audio class=\"wp-audio-shortcode\" id=\"audio-154-1\" preload=\"none\" style=\"width: 100%;\" controls=\"controls\"><source type=\"audio\/mpeg\" src=\"https:\/\/www.contandohistorias.com.br\/mp3\/2006252.mp3?_=1\" \/><a href=\"https:\/\/www.contandohistorias.com.br\/mp3\/2006252.mp3\">https:\/\/www.contandohistorias.com.br\/mp3\/2006252.mp3<\/a><\/audio>\n<\/div><\/figure>\n\n\n\n<p>Um dia nos implantaram a lei que profissionalizou o ensino de Segundo Grau. Alunos de Mec\u00e2nica, Eletr\u00f4nica, e semelhantes, diziam que disciplinas de cultura geral, como Geografia, Hist\u00f3ria, eram &#8220;perfumes&#8221;, apenas para encher o tempo. Para a vida, para ganhar dinheiro, s\u00f3 contariam mesmo disciplinas ditas profissionalizantes.<\/p>\n\n\n\n<p>Sustento exatamente o inverso. Para a vida, cultura geral n\u00e3o \u00e9 menos importante que profissionaliza\u00e7\u00e3o. No mundo subdesenvolvido, ningu\u00e9m tem a garantia da mesma profiss\u00e3o pela vida inteira. O mais desempregado \u00e9 o homem sem cultura geral.<\/p>\n\n\n\n<p>Imaginemos um curso de curta dura\u00e7\u00e3o de Mec\u00e2nico, digamos, da Volkswagen. Mudada a m\u00e1quina, apagou-se o profissional. Nem cem cursinhos desse tipo far\u00e3o dele um engenheiro mec\u00e2nico. Falta-lhe a cultura geral da Mec\u00e2nica, expressa em seus princ\u00edpios universais. Por isso mesmo, n\u00e3o \u00e9 capaz de se adaptar a situa\u00e7\u00f5es novas, a qualquer m\u00e1quina. S\u00f3 o engenheiro \u00e9 capaz de criar o que ainda n\u00e3o existe.<\/p>\n\n\n\n<p>Mas falo de uma cultura mais geral que situa o homem n\u00e3o apenas na Mec\u00e2nica &#8211; no mundo. Quem a tiver, onde cair, cair\u00e1 de p\u00e9.<\/p>\n\n\n\n<p>Estudei no Semin\u00e1rio, onde recebi s\u00f3lida cultura geral. A maior parte dos que ali estudaram o deixava antes do fim. Mas no mundo, onde ca\u00edram, se firmaram nas mais diversas profiss\u00f5es, como Administra\u00e7\u00e3o, Advocacia, Economia, Educa\u00e7\u00e3o, Ci\u00eancias Exatas e da Sa\u00fade. O Semin\u00e1rio n\u00e3o lhes ensinou tudo isso. Emprestou-lhes um background que os tornou capazes de se adaptarem a situa\u00e7\u00f5es novas.<\/p>\n\n\n\n<p>Inverso \u00e9 o caso do \u00edndio. S\u00f3 na cultura de sua taba, consegue sobreviver. Se ela se desfaz, ele se torna mendigo, objeto de curiosidade p\u00fablica, como animais do zool\u00f3gico. N\u00e3o consegue se inserir numa nova cultura.<\/p>\n\n\n\n<p>N\u00e3o lhe faltou a profissionaliza\u00e7\u00e3o. Em v\u00e1rias coisas, est\u00e1 mais profissionalizado do que eu: na ca\u00e7a, pesca, na sobreviv\u00eancia na selva. Faltou-lhe cultura geral. \u00c9 incapaz, por isso, de se adaptar a situa\u00e7\u00f5es novas.<\/p>\n\n\n\n<p>Fala-se de cidadania, como objetivo da Educa\u00e7\u00e3o. O mundo se tornou t\u00e3o estreito, tanto atravessamos as fronteiras das culturas locais que mais cresce a necessidade de cada homem ser um cidad\u00e3o universal. Para isso haja cultura geral.<\/p>\n\n\n\n<p>O profissional sem cultura geral \u00e9 como o mec\u00e2nico da oficina da Volkswagen. Num mundo em mudan\u00e7as, a profissionaliza\u00e7\u00e3o que recebeu foi o melhor caminho para n\u00e3o ter mais outro caminho.<\/p>\n","protected":false},"excerpt":{"rendered":"<p>F. Pereira N\u00f3brega Um dia nos implantaram a lei que profissionalizou o ensino de Segundo Grau. Alunos de Mec\u00e2nica, Eletr\u00f4nica, e semelhantes, diziam que disciplinas de cultura geral, como Geografia, Hist\u00f3ria, eram &#8220;perfumes&#8221;, apenas para encher o tempo. Para a vida, para ganhar dinheiro, s\u00f3 contariam mesmo disciplinas ditas profissionalizantes. Sustento exatamente o inverso. Para [&hellip;]<\/p>\n","protected":false},"author":1,"featured_media":0,"comment_status":"open","ping_status":"open","sticky":false,"template":"","format":"standard","meta":{"_uag_custom_page_level_css":"","footnotes":""},"categories":[4],"tags":[],"class_list":["post-154","post","type-post","status-publish","format-standard","hentry","category-historias","post-preview"],"uagb_featured_image_src":{"full":false,"thumbnail":false,"medium":false,"medium_large":false,"large":false,"1536x1536":false,"2048x2048":false,"post-image":false},"uagb_author_info":{"display_name":"Rubens","author_link":"https:\/\/contandohistorias.com.br\/?author=1"},"uagb_comment_info":0,"uagb_excerpt":"F. Pereira N\u00f3brega Um dia nos implantaram a lei que profissionalizou o ensino de Segundo Grau. Alunos de Mec\u00e2nica, Eletr\u00f4nica, e semelhantes, diziam que disciplinas de cultura geral, como Geografia, Hist\u00f3ria, eram &#8220;perfumes&#8221;, apenas para encher o tempo. Para a vida, para ganhar dinheiro, s\u00f3 contariam mesmo disciplinas ditas profissionalizantes. Sustento exatamente o inverso. Para&hellip;","_links":{"self":[{"href":"https:\/\/contandohistorias.com.br\/index.php?rest_route=\/wp\/v2\/posts\/154","targetHints":{"allow":["GET"]}}],"collection":[{"href":"https:\/\/contandohistorias.com.br\/index.php?rest_route=\/wp\/v2\/posts"}],"about":[{"href":"https:\/\/contandohistorias.com.br\/index.php?rest_route=\/wp\/v2\/types\/post"}],"author":[{"embeddable":true,"href":"https:\/\/contandohistorias.com.br\/index.php?rest_route=\/wp\/v2\/users\/1"}],"replies":[{"embeddable":true,"href":"https:\/\/contandohistorias.com.br\/index.php?rest_route=%2Fwp%2Fv2%2Fcomments&post=154"}],"version-history":[{"count":1,"href":"https:\/\/contandohistorias.com.br\/index.php?rest_route=\/wp\/v2\/posts\/154\/revisions"}],"predecessor-version":[{"id":155,"href":"https:\/\/contandohistorias.com.br\/index.php?rest_route=\/wp\/v2\/posts\/154\/revisions\/155"}],"wp:attachment":[{"href":"https:\/\/contandohistorias.com.br\/index.php?rest_route=%2Fwp%2Fv2%2Fmedia&parent=154"}],"wp:term":[{"taxonomy":"category","embeddable":true,"href":"https:\/\/contandohistorias.com.br\/index.php?rest_route=%2Fwp%2Fv2%2Fcategories&post=154"},{"taxonomy":"post_tag","embeddable":true,"href":"https:\/\/contandohistorias.com.br\/index.php?rest_route=%2Fwp%2Fv2%2Ftags&post=154"}],"curies":[{"name":"wp","href":"https:\/\/api.w.org\/{rel}","templated":true}]}}