{"id":1596,"date":"2024-09-08T12:02:16","date_gmt":"2024-09-08T15:02:16","guid":{"rendered":"https:\/\/new.contandohistorias.com.br\/?p=1596"},"modified":"2024-09-08T12:02:26","modified_gmt":"2024-09-08T15:02:26","slug":"os-nao-ditos","status":"publish","type":"post","link":"https:\/\/contandohistorias.com.br\/?p=1596","title":{"rendered":"Os n\u00e3o ditos&#8230;"},"content":{"rendered":"\n<figure class=\"wp-block-embed is-type-rich is-provider-incorporar-manipulador wp-block-embed-incorporar-manipulador\"><div class=\"wp-block-embed__wrapper\">\n<audio class=\"wp-audio-shortcode\" id=\"audio-1596-1\" preload=\"none\" style=\"width: 100%;\" controls=\"controls\"><source type=\"audio\/mpeg\" src=\"https:\/\/www.contandohistorias.com.br\/mp3\/2006328.mp3?_=1\" \/><a href=\"https:\/\/www.contandohistorias.com.br\/mp3\/2006328.mp3\">https:\/\/www.contandohistorias.com.br\/mp3\/2006328.mp3<\/a><\/audio>\n<\/div><\/figure>\n\n\n\n<p><strong><em>\u00a9 Let\u00edcia Thompson<\/em><\/strong><\/p>\n\n\n\n<p>As palavras \u00e0s vezes cortam como uma faca e de maneira irrefletida ferimos os outros, mesmo se os amamos, sem que haja retorno. Conscientes disso \u00e9 que em muitos dos casos, nos calamos, quando tudo o que pensamos e sentimos nos queima por dentro.<\/p>\n\n\n\n<p>Essas coisas s\u00e3o os n\u00e3o ditos das rela\u00e7\u00f5es e da vida.<\/p>\n\n\n\n<p>As palavras que n\u00e3o dizemos, mas n\u00e3o enterramos tamb\u00e9m, est\u00e3o sempre entre nosso cora\u00e7\u00e3o e nossa garganta e nos ferem interiormente. S\u00e3o op\u00e7\u00f5es que fazemos, seja para n\u00e3o machucar outras pessoas, seja, simplesmente, pela falta de coragem de sermos n\u00f3s, inteiros e l\u00edmpidos.<\/p>\n\n\n\n<p>A comunica\u00e7\u00e3o \u00e9 a base de todo relacionamento saud\u00e1vel. Pessoas que se amam, que seja na amizade, no amor ou nas rela\u00e7\u00f5es familiares, devem estar prontas para serem quem s\u00e3o, para perdoar e receber perd\u00e3o.<\/p>\n\n\n\n<p>N\u00e3o nos calar\u00edamos tanto se soub\u00e9ssemos que o outro nos ouviria com a alma, nos entenderia e continuaria a nos amar, apesar de tudo. Mas as pessoas, por mais maduras que pare\u00e7am, nem sempre est\u00e3o prontas para ouvir as verdades, se essas forem doloridas. Assim s\u00e3o criadas as rela\u00e7\u00f5es superficiais, onde pensamos tanto e falamos de menos, onde sentimos e sufocamos.<\/p>\n\n\n\n<p>Nos falta um pouco de humildade para aceitar nossa imperfei\u00e7\u00e3o, aceitar que o outro possa n\u00e3o gostar de algo em n\u00f3s e ter o direito de diz\u00ea-lo. Nos falta a ousadia de sermos n\u00f3s, sem essa m\u00e1scara que nos torna bonitos por fora e doentes por dentro.<\/p>\n\n\n\n<p>A comunica\u00e7\u00e3o na boa hora, com as palavras escolhidas e certas, consertaria muitos relacionamentos, sararia muitas almas, tornaria as pessoas mais verdadeiras e mais bonitas.<\/p>\n\n\n\n<p>Sabemos que as pessoas nos amam quando nos conhecem profundamente, intimamente e continuam nos amando. Quando com elas temos a liberdade e coragem de dizer: isso eu sinto, isso eu sou.<\/p>\n","protected":false},"excerpt":{"rendered":"<p>\u00a9 Let\u00edcia Thompson As palavras \u00e0s vezes cortam como uma faca e de maneira irrefletida ferimos os outros, mesmo se os amamos, sem que haja retorno. Conscientes disso \u00e9 que em muitos dos casos, nos calamos, quando tudo o que pensamos e sentimos nos queima por dentro. Essas coisas s\u00e3o os n\u00e3o ditos das rela\u00e7\u00f5es [&hellip;]<\/p>\n","protected":false},"author":1,"featured_media":0,"comment_status":"open","ping_status":"open","sticky":false,"template":"","format":"standard","meta":{"_uag_custom_page_level_css":"","footnotes":""},"categories":[4],"tags":[],"class_list":["post-1596","post","type-post","status-publish","format-standard","hentry","category-historias","post-preview"],"uagb_featured_image_src":{"full":false,"thumbnail":false,"medium":false,"medium_large":false,"large":false,"1536x1536":false,"2048x2048":false,"post-image":false},"uagb_author_info":{"display_name":"Rubens","author_link":"https:\/\/contandohistorias.com.br\/?author=1"},"uagb_comment_info":0,"uagb_excerpt":"\u00a9 Let\u00edcia Thompson As palavras \u00e0s vezes cortam como uma faca e de maneira irrefletida ferimos os outros, mesmo se os amamos, sem que haja retorno. Conscientes disso \u00e9 que em muitos dos casos, nos calamos, quando tudo o que pensamos e sentimos nos queima por dentro. Essas coisas s\u00e3o os n\u00e3o ditos das rela\u00e7\u00f5es&hellip;","_links":{"self":[{"href":"https:\/\/contandohistorias.com.br\/index.php?rest_route=\/wp\/v2\/posts\/1596","targetHints":{"allow":["GET"]}}],"collection":[{"href":"https:\/\/contandohistorias.com.br\/index.php?rest_route=\/wp\/v2\/posts"}],"about":[{"href":"https:\/\/contandohistorias.com.br\/index.php?rest_route=\/wp\/v2\/types\/post"}],"author":[{"embeddable":true,"href":"https:\/\/contandohistorias.com.br\/index.php?rest_route=\/wp\/v2\/users\/1"}],"replies":[{"embeddable":true,"href":"https:\/\/contandohistorias.com.br\/index.php?rest_route=%2Fwp%2Fv2%2Fcomments&post=1596"}],"version-history":[{"count":1,"href":"https:\/\/contandohistorias.com.br\/index.php?rest_route=\/wp\/v2\/posts\/1596\/revisions"}],"predecessor-version":[{"id":1597,"href":"https:\/\/contandohistorias.com.br\/index.php?rest_route=\/wp\/v2\/posts\/1596\/revisions\/1597"}],"wp:attachment":[{"href":"https:\/\/contandohistorias.com.br\/index.php?rest_route=%2Fwp%2Fv2%2Fmedia&parent=1596"}],"wp:term":[{"taxonomy":"category","embeddable":true,"href":"https:\/\/contandohistorias.com.br\/index.php?rest_route=%2Fwp%2Fv2%2Fcategories&post=1596"},{"taxonomy":"post_tag","embeddable":true,"href":"https:\/\/contandohistorias.com.br\/index.php?rest_route=%2Fwp%2Fv2%2Ftags&post=1596"}],"curies":[{"name":"wp","href":"https:\/\/api.w.org\/{rel}","templated":true}]}}