{"id":1644,"date":"2024-09-08T12:34:21","date_gmt":"2024-09-08T15:34:21","guid":{"rendered":"https:\/\/new.contandohistorias.com.br\/?p=1644"},"modified":"2024-09-08T12:34:27","modified_gmt":"2024-09-08T15:34:27","slug":"ouvir-estrelas","status":"publish","type":"post","link":"https:\/\/contandohistorias.com.br\/?p=1644","title":{"rendered":"Ouvir Estrelas"},"content":{"rendered":"\n<figure class=\"wp-block-embed is-type-rich is-provider-incorporar-manipulador wp-block-embed-incorporar-manipulador\"><div class=\"wp-block-embed__wrapper\">\n<audio class=\"wp-audio-shortcode\" id=\"audio-1644-1\" preload=\"none\" style=\"width: 100%;\" controls=\"controls\"><source type=\"audio\/mpeg\" src=\"https:\/\/www.contandohistorias.com.br\/mp3\/2004233.mp3?_=1\" \/><a href=\"https:\/\/www.contandohistorias.com.br\/mp3\/2004233.mp3\">https:\/\/www.contandohistorias.com.br\/mp3\/2004233.mp3<\/a><\/audio>\n<\/div><\/figure>\n\n\n\n<p><em>Olavo Bilac<\/em><\/p>\n\n\n\n<p>Ora, direis ouvir estrelas! Certo<br>Perdeste o senso!&#8221; E eu vos direi, no entanto,<br>Que, para ouv\u00ed-las, muitas vezes desperto<br>E abro as janelas, p\u00e1lido de espanto&#8230;<\/p>\n\n\n\n<p>E conversamos toda a noite, enquanto<br>A via L\u00e1ctea, como um p\u00e1lio aberto,<br>Cintila. E, ao vir do sol, saudoso e em pranto,<br>Inda as procuro pelo c\u00e9u deserto.<\/p>\n\n\n\n<p>Direis agora! &#8220;Tresloucado amigo!<br>Que conversas com elas? Que sentido<br>Tem o que dizem, quando est\u00e3o contigo?&#8221;<\/p>\n\n\n\n<p>E eu vos direi: &#8220;Amai para entend\u00ea-las:<br>Pois s\u00f3 quem ama pode ter ouvido<br>Capaz de ouvir e de entender estrelas&#8221;.<\/p>\n","protected":false},"excerpt":{"rendered":"<p>Olavo Bilac Ora, direis ouvir estrelas! CertoPerdeste o senso!&#8221; E eu vos direi, no entanto,Que, para ouv\u00ed-las, muitas vezes despertoE abro as janelas, p\u00e1lido de espanto&#8230; E conversamos toda a noite, enquantoA via L\u00e1ctea, como um p\u00e1lio aberto,Cintila. E, ao vir do sol, saudoso e em pranto,Inda as procuro pelo c\u00e9u deserto. Direis agora! &#8220;Tresloucado [&hellip;]<\/p>\n","protected":false},"author":1,"featured_media":0,"comment_status":"open","ping_status":"open","sticky":false,"template":"","format":"standard","meta":{"_uag_custom_page_level_css":"","footnotes":""},"categories":[4],"tags":[],"class_list":["post-1644","post","type-post","status-publish","format-standard","hentry","category-historias","post-preview"],"uagb_featured_image_src":{"full":false,"thumbnail":false,"medium":false,"medium_large":false,"large":false,"1536x1536":false,"2048x2048":false,"post-image":false},"uagb_author_info":{"display_name":"Rubens","author_link":"https:\/\/contandohistorias.com.br\/?author=1"},"uagb_comment_info":0,"uagb_excerpt":"Olavo Bilac Ora, direis ouvir estrelas! CertoPerdeste o senso!&#8221; E eu vos direi, no entanto,Que, para ouv\u00ed-las, muitas vezes despertoE abro as janelas, p\u00e1lido de espanto&#8230; E conversamos toda a noite, enquantoA via L\u00e1ctea, como um p\u00e1lio aberto,Cintila. E, ao vir do sol, saudoso e em pranto,Inda as procuro pelo c\u00e9u deserto. Direis agora! &#8220;Tresloucado&hellip;","_links":{"self":[{"href":"https:\/\/contandohistorias.com.br\/index.php?rest_route=\/wp\/v2\/posts\/1644","targetHints":{"allow":["GET"]}}],"collection":[{"href":"https:\/\/contandohistorias.com.br\/index.php?rest_route=\/wp\/v2\/posts"}],"about":[{"href":"https:\/\/contandohistorias.com.br\/index.php?rest_route=\/wp\/v2\/types\/post"}],"author":[{"embeddable":true,"href":"https:\/\/contandohistorias.com.br\/index.php?rest_route=\/wp\/v2\/users\/1"}],"replies":[{"embeddable":true,"href":"https:\/\/contandohistorias.com.br\/index.php?rest_route=%2Fwp%2Fv2%2Fcomments&post=1644"}],"version-history":[{"count":1,"href":"https:\/\/contandohistorias.com.br\/index.php?rest_route=\/wp\/v2\/posts\/1644\/revisions"}],"predecessor-version":[{"id":1645,"href":"https:\/\/contandohistorias.com.br\/index.php?rest_route=\/wp\/v2\/posts\/1644\/revisions\/1645"}],"wp:attachment":[{"href":"https:\/\/contandohistorias.com.br\/index.php?rest_route=%2Fwp%2Fv2%2Fmedia&parent=1644"}],"wp:term":[{"taxonomy":"category","embeddable":true,"href":"https:\/\/contandohistorias.com.br\/index.php?rest_route=%2Fwp%2Fv2%2Fcategories&post=1644"},{"taxonomy":"post_tag","embeddable":true,"href":"https:\/\/contandohistorias.com.br\/index.php?rest_route=%2Fwp%2Fv2%2Ftags&post=1644"}],"curies":[{"name":"wp","href":"https:\/\/api.w.org\/{rel}","templated":true}]}}