{"id":1728,"date":"2024-09-09T18:30:09","date_gmt":"2024-09-09T21:30:09","guid":{"rendered":"https:\/\/new.contandohistorias.com.br\/?p=1728"},"modified":"2024-09-09T18:30:13","modified_gmt":"2024-09-09T21:30:13","slug":"por-favor-por-favor","status":"publish","type":"post","link":"https:\/\/contandohistorias.com.br\/?p=1728","title":{"rendered":"Por favor, por favor"},"content":{"rendered":"\n<p>Havia uma vez uma pequena express\u00e3o chamada &#8220;<em>Por Favor<\/em>&#8221; que morava na boca de um garotinho.<\/p>\n\n\n\n<p>Os&nbsp;<em>Por Favor<\/em>&nbsp;moram na boca de todo mundo, ainda que as pessoas se esque\u00e7am com freq\u00fc\u00eancia que eles est\u00e3o ali.<\/p>\n\n\n\n<p>Mas para ficarem forte e felizes, todos os&nbsp;<em>Por Favor<\/em>&nbsp;devem ser tirados das bocas de vez em quando, para tomar um pouco de ar.<\/p>\n\n\n\n<p>Sabe, eles s\u00e3o como peixinhos de aqu\u00e1rio, que sobem \u00e0 tona para respirar.<\/p>\n\n\n\n<p>O&nbsp;<em>Por Favor<\/em>&nbsp;do qual irei falar morava na boca de um menino chamado<\/p>\n\n\n\n<p>Duda.<\/p>\n\n\n\n<p>S\u00f3 uma vez, em muito tempo, o tal&nbsp;<em>Por Favor<\/em>&nbsp;teve oportunidade de sair; pois Duda, lamento dizer; era um menininho muito malcriado; que quase nunca se lembrava de dizer &#8220;<em>Por Favor<\/em>&#8220;.<\/p>\n\n\n\n<p>\u2014 D\u00ea-me um peda\u00e7o de p\u00e3o ! Quero \u00e1gua !<\/p>\n\n\n\n<p>D\u00ea-me aquele livro ! &#8211; era deste jeito que ele pedia as coisas.<\/p>\n\n\n\n<p>Seus pais ficavam muito tristes com isso.<\/p>\n\n\n\n<p>J\u00e1 o coitado do&nbsp;<em>Por Favor<\/em>&nbsp;ficava na ponta da l\u00edngua do menino, aguardando uma oportunidade para sair.<\/p>\n\n\n\n<p>Estava cada dia mais fraco.<\/p>\n\n\n\n<p>Duda tinha um irm\u00e3o mais velho, chamado Jo\u00e3o.<\/p>\n\n\n\n<p>Tinha quase dez anos; e era t\u00e3o educado quanto Duda era malcriado.<\/p>\n\n\n\n<p>Por isso, o seu&nbsp;<em>Por Favor<\/em>&nbsp;recebia muito ar e era forte e bem-disposto.<\/p>\n\n\n\n<p>Um dia, no caf\u00e9 da manh\u00e3, o&nbsp;<em>Por Favor<\/em>&nbsp;de Duda sentiu que precisava tomar ar, mesmo que para isso tivesse de fugir.<\/p>\n\n\n\n<p>Foi o que fez &#8211; fugiu da boca de Duda, e inspirou longamente.<\/p>\n\n\n\n<p>Depois, arrastou-se pela mesa e pulou para a boca de Jo\u00e3o.<\/p>\n\n\n\n<p>O&nbsp;<em>Por Favor<\/em>&nbsp;que morava l\u00e1 ficou muito zangado.<\/p>\n\n\n\n<p>\u2014 Saia ! &#8211; ele gritou. &#8211; Aqui n\u00e3o \u00e9 o seu lugar ! Esta boca \u00e9 minha !<\/p>\n\n\n\n<p>\u2014 Eu sei &#8211; respondeu o&nbsp;<em>Por Favor<\/em>&nbsp;de Duda.<\/p>\n\n\n\n<p>\u2014 Eu moro na boca do irm\u00e3o do seu senhor.<\/p>\n\n\n\n<p>Mas, meu Deus ! N\u00e3o sou feliz l\u00e1.<\/p>\n\n\n\n<p>Eu nunca sou usado. Nunca recebo ar puro !<\/p>\n\n\n\n<p>Pensei que voc\u00ea me deixaria ficar aqui por um dia ou dois, at\u00e9 eu me sentir mais forte.<\/p>\n\n\n\n<p>\u2014 Mas \u00e9 l\u00f3gico &#8211; disse gentilmente o outro&nbsp;<em>Por Favor<\/em>.<\/p>\n\n\n\n<p>\u2014 Eu compreendo. Fique; quando o meu senhor me utilizar, sairemos juntos.<\/p>\n\n\n\n<p>Ele \u00e9 bom, e eu tenho certeza de que n\u00e3o se importar\u00e1 em dizer &#8220;por favor&#8221; duas vezes.<\/p>\n\n\n\n<p>Fique o tempo que desejar.<\/p>\n\n\n\n<p>Ao meio-dia, no almo\u00e7o, Jo\u00e3o quis um pouco de manteiga e falou assim :<\/p>\n\n\n\n<p>\u2014 Papai, pode me passar a manteiga, por favor &#8211; por favor ?<\/p>\n\n\n\n<p>\u2014 Pois n\u00e3o -, disse o pai.<\/p>\n\n\n\n<p>\u2014 Mas por que tanta polidez ?<\/p>\n\n\n\n<p>Jo\u00e3o n\u00e3o respondeu.<\/p>\n\n\n\n<p>Voltou-se para a m\u00e3e, e disse :<\/p>\n\n\n\n<p>\u2014 Mam\u00e3e, d\u00ea-me um bolinho, por favor &#8211; por favor ?<\/p>\n\n\n\n<p>A m\u00e3e sorriu.<\/p>\n\n\n\n<p>\u2014 Vou lhe dar o bolinho, querido; mas porque voc\u00ea diz &#8220;por favor&#8221; duas vezes ?<\/p>\n\n\n\n<p>\u2014 Eu n\u00e3o sei -, respondeu Jo\u00e3o.<\/p>\n\n\n\n<p>\u2014 As palavras apenas saem.<\/p>\n\n\n\n<p>Tita, por favor &#8211; por favor, me d\u00ea um pouco d&#8217;\u00e1gua !<\/p>\n\n\n\n<p>Nesse momento, Jo\u00e3o ficou um pouco assustado.<\/p>\n\n\n\n<p>\u2014 Tudo bem -, disse o pai.<\/p>\n\n\n\n<p>\u2014 N\u00e3o h\u00e1 problema nenhum.<\/p>\n\n\n\n<p>Mas n\u00e3o se deve dizer tanto &#8220;por favor&#8221; neste mundo.<\/p>\n\n\n\n<p>Enquanto isso, o pequeno Duda continuara gritando daquele seu jeito mal-educado :<\/p>\n\n\n\n<p>\u2014 Quero um ovo !<\/p>\n\n\n\n<p>Quero um pouco de leite !<\/p>\n\n\n\n<p>Me d\u00e1 uma colher ! &#8211; Mas, ent\u00e3o, ele parou e escutou o irm\u00e3o.<\/p>\n\n\n\n<p>Achou que seria engra\u00e7ado falar como Jo\u00e3o; por isso, come\u00e7ou :<\/p>\n\n\n\n<p>\u2014 Mam\u00e3e, d\u00ea-me um bolinho, m-m-m ?<\/p>\n\n\n\n<p>Ele estava tentando dizer &#8220;por favor&#8221; &#8211; mas como ?<\/p>\n\n\n\n<p>Ele n\u00e3o sabia que o seu pequenino&nbsp;<em>Por Favor<\/em>&nbsp;estava sentado na boca de<\/p>\n\n\n\n<p>Jo\u00e3o.<\/p>\n\n\n\n<p>Tentou outra vez, pedindo a manteiga :<\/p>\n\n\n\n<p>\u2014 Manteiga, passe a manteiga, m-m-m ?<\/p>\n\n\n\n<p>E s\u00f3 conseguiu dizer isto.<\/p>\n\n\n\n<p>A coisa continuou o dia inteiro, e todos ficaram imaginando o que havia de errado com os dois meninos.<\/p>\n\n\n\n<p>Quando anoiteceu, ambos estavam muito cansados, e Duda estava t\u00e3o aborrecido que a m\u00e3e os mandou mais cedo para cama.<\/p>\n\n\n\n<p>Mas na manh\u00e3 seguinte, logo que se sentaram para o caf\u00e9, o&nbsp;<em>Por Favor<\/em>&nbsp;de Duda correu de volta para casa.<\/p>\n\n\n\n<p>Ele tinha tomado tanto ar puro no dia anterior que estava se sentindo bastante forte e feliz.<\/p>\n\n\n\n<p>E, no momento seguinte, ele foi outra vez arejado quando Duda falou :<\/p>\n\n\n\n<p>\u2014 Papai, por favor, corte a minha laranja !<\/p>\n\n\n\n<p>Meu Deus ! A express\u00e3o saiu f\u00e1cil, f\u00e1cil !<\/p>\n\n\n\n<p>Soava t\u00e3o bem como quando Jo\u00e3o a pronunciava e Jo\u00e3o estava falando somente um &#8220;por favor&#8221; naquela manh\u00e3.<\/p>\n\n\n\n<p>E daquele dia em diante, o pequeno Duda tornou-se t\u00e3o educado quanto o irm\u00e3o.<\/p>\n\n\n\n<p><em>Colabora\u00e7\u00e3o: Renato Antunes Oliveira<\/em><\/p>\n","protected":false},"excerpt":{"rendered":"<p>Havia uma vez uma pequena express\u00e3o chamada &#8220;Por Favor&#8221; que morava na boca de um garotinho. Os&nbsp;Por Favor&nbsp;moram na boca de todo mundo, ainda que as pessoas se esque\u00e7am com freq\u00fc\u00eancia que eles est\u00e3o ali. Mas para ficarem forte e felizes, todos os&nbsp;Por Favor&nbsp;devem ser tirados das bocas de vez em quando, para tomar um [&hellip;]<\/p>\n","protected":false},"author":1,"featured_media":0,"comment_status":"open","ping_status":"open","sticky":false,"template":"","format":"standard","meta":{"_uag_custom_page_level_css":"","footnotes":""},"categories":[4],"tags":[],"class_list":["post-1728","post","type-post","status-publish","format-standard","hentry","category-historias","post-preview"],"uagb_featured_image_src":{"full":false,"thumbnail":false,"medium":false,"medium_large":false,"large":false,"1536x1536":false,"2048x2048":false,"post-image":false},"uagb_author_info":{"display_name":"Rubens","author_link":"https:\/\/contandohistorias.com.br\/?author=1"},"uagb_comment_info":0,"uagb_excerpt":"Havia uma vez uma pequena express\u00e3o chamada &#8220;Por Favor&#8221; que morava na boca de um garotinho. Os&nbsp;Por Favor&nbsp;moram na boca de todo mundo, ainda que as pessoas se esque\u00e7am com freq\u00fc\u00eancia que eles est\u00e3o ali. Mas para ficarem forte e felizes, todos os&nbsp;Por Favor&nbsp;devem ser tirados das bocas de vez em quando, para tomar um&hellip;","_links":{"self":[{"href":"https:\/\/contandohistorias.com.br\/index.php?rest_route=\/wp\/v2\/posts\/1728","targetHints":{"allow":["GET"]}}],"collection":[{"href":"https:\/\/contandohistorias.com.br\/index.php?rest_route=\/wp\/v2\/posts"}],"about":[{"href":"https:\/\/contandohistorias.com.br\/index.php?rest_route=\/wp\/v2\/types\/post"}],"author":[{"embeddable":true,"href":"https:\/\/contandohistorias.com.br\/index.php?rest_route=\/wp\/v2\/users\/1"}],"replies":[{"embeddable":true,"href":"https:\/\/contandohistorias.com.br\/index.php?rest_route=%2Fwp%2Fv2%2Fcomments&post=1728"}],"version-history":[{"count":1,"href":"https:\/\/contandohistorias.com.br\/index.php?rest_route=\/wp\/v2\/posts\/1728\/revisions"}],"predecessor-version":[{"id":1729,"href":"https:\/\/contandohistorias.com.br\/index.php?rest_route=\/wp\/v2\/posts\/1728\/revisions\/1729"}],"wp:attachment":[{"href":"https:\/\/contandohistorias.com.br\/index.php?rest_route=%2Fwp%2Fv2%2Fmedia&parent=1728"}],"wp:term":[{"taxonomy":"category","embeddable":true,"href":"https:\/\/contandohistorias.com.br\/index.php?rest_route=%2Fwp%2Fv2%2Fcategories&post=1728"},{"taxonomy":"post_tag","embeddable":true,"href":"https:\/\/contandohistorias.com.br\/index.php?rest_route=%2Fwp%2Fv2%2Ftags&post=1728"}],"curies":[{"name":"wp","href":"https:\/\/api.w.org\/{rel}","templated":true}]}}