{"id":1740,"date":"2024-09-09T18:33:26","date_gmt":"2024-09-09T21:33:26","guid":{"rendered":"https:\/\/new.contandohistorias.com.br\/?p=1740"},"modified":"2024-09-09T18:33:30","modified_gmt":"2024-09-09T21:33:30","slug":"prazeres-da-melhor-idade","status":"publish","type":"post","link":"https:\/\/contandohistorias.com.br\/?p=1740","title":{"rendered":"Prazeres da melhor idade"},"content":{"rendered":"\n<figure class=\"wp-block-embed is-type-rich is-provider-incorporar-manipulador wp-block-embed-incorporar-manipulador\"><div class=\"wp-block-embed__wrapper\">\n<audio class=\"wp-audio-shortcode\" id=\"audio-1740-1\" preload=\"none\" style=\"width: 100%;\" controls=\"controls\"><source type=\"audio\/mpeg\" src=\"https:\/\/www.contandohistorias.com.br\/mp3\/2006595.mp3?_=1\" \/><a href=\"https:\/\/www.contandohistorias.com.br\/mp3\/2006595.mp3\">https:\/\/www.contandohistorias.com.br\/mp3\/2006595.mp3<\/a><\/audio>\n<\/div><\/figure>\n\n\n\n<p><strong><em>Ruy Castro<\/em><\/strong><\/p>\n\n\n\n<p>A voz em Congonhas anunciou: -&#8220;Clientes com necessidades especiais, crian\u00e7as de colo, melhor idade, gestantes e portadores do cart\u00e3o tal ter\u00e3o prefer\u00eancia etc.&#8221;. Num r\u00e1pido exerc\u00edcio intelectual, conclu\u00ed que, n\u00e3o tendo necessidades especiais, nem sendo crian\u00e7a de colo, gestante ou portador do dito cart\u00e3o, s\u00f3 me restava a &#8220;melhor idade&#8221; &#8211; algo entre os 60 anos e a morte.<\/p>\n\n\n\n<p>Para os que ainda n\u00e3o chegaram a ela, &#8220;melhor idade&#8221; \u00e9 quando voc\u00ea pensa duas vezes antes de se abaixar para pegar o l\u00e1pis que deixou cair e, se ningu\u00e9m estiver olhando, chuta-o para debaixo da mesa. Ou, tendo atravessado a rua fora da faixa, arrepende-se no meio do caminho porque o sinal abriu e agora ter\u00e1 de correr para salvar a vida. Ou quando o singelo ato de dar o la\u00e7o no p\u00e9 esquerdo do sapato equivale, segundo o Jo\u00e3o Ubaldo Ribeiro, a uma modalidade ol\u00edmpica.<\/p>\n\n\n\n<p>Privil\u00e9gios da &#8220;melhor idade&#8221; s\u00e3o o ressecamento da pele, a osteoporose, as placas de gordura no cora\u00e7\u00e3o, a press\u00e3o lembrando placar de basquete americano, a fal\u00eancia dos neur\u00f4nios, as baixas de vis\u00e3o e audi\u00e7\u00e3o, a falta de ar, a queda de cabelo, a tend\u00eancia \u00e0 obesidade e as disfun\u00e7\u00f5es sexuais. Ou seja, n\u00f3s, da &#8220;melhor idade&#8221;, estamos com tudo, e os demais podem ir lamber sab\u00e3o.<\/p>\n\n\n\n<p>Outra caracter\u00edstica da &#8220;melhor idade&#8221; \u00e9 a disponibilidade de seus membros para tomar as montanhas de Rivotril, Lexotan e Frontal que seus m\u00e9dicos lhes receitam e depois n\u00e3o conseguem retirar.<\/p>\n\n\n\n<p>Outro dia, bem cedo, um jovem casal cruzou comigo no Leblon. Talvez vendo em mim um pterod\u00e1ctilo da cl\u00e1ssica boemia carioca, o rapaz perguntou: -&#8220;Voltando da farra, Ruy?&#8221;. Respondi, euf\u00f3rico: -&#8220;Que nada! Estou voltando da farm\u00e1cia!&#8221;.<\/p>\n\n\n\n<p>E esta, de fato, \u00e9 uma grande vantagem da &#8220;melhor idade&#8221;: voc\u00ea extrai prazer de qualquer lugar a que ainda consiga ir.<\/p>\n","protected":false},"excerpt":{"rendered":"<p>Ruy Castro A voz em Congonhas anunciou: -&#8220;Clientes com necessidades especiais, crian\u00e7as de colo, melhor idade, gestantes e portadores do cart\u00e3o tal ter\u00e3o prefer\u00eancia etc.&#8221;. Num r\u00e1pido exerc\u00edcio intelectual, conclu\u00ed que, n\u00e3o tendo necessidades especiais, nem sendo crian\u00e7a de colo, gestante ou portador do dito cart\u00e3o, s\u00f3 me restava a &#8220;melhor idade&#8221; &#8211; algo entre [&hellip;]<\/p>\n","protected":false},"author":1,"featured_media":0,"comment_status":"open","ping_status":"open","sticky":false,"template":"","format":"standard","meta":{"_uag_custom_page_level_css":"","footnotes":""},"categories":[4],"tags":[],"class_list":["post-1740","post","type-post","status-publish","format-standard","hentry","category-historias","post-preview"],"uagb_featured_image_src":{"full":false,"thumbnail":false,"medium":false,"medium_large":false,"large":false,"1536x1536":false,"2048x2048":false,"post-image":false},"uagb_author_info":{"display_name":"Rubens","author_link":"https:\/\/contandohistorias.com.br\/?author=1"},"uagb_comment_info":0,"uagb_excerpt":"Ruy Castro A voz em Congonhas anunciou: -&#8220;Clientes com necessidades especiais, crian\u00e7as de colo, melhor idade, gestantes e portadores do cart\u00e3o tal ter\u00e3o prefer\u00eancia etc.&#8221;. Num r\u00e1pido exerc\u00edcio intelectual, conclu\u00ed que, n\u00e3o tendo necessidades especiais, nem sendo crian\u00e7a de colo, gestante ou portador do dito cart\u00e3o, s\u00f3 me restava a &#8220;melhor idade&#8221; &#8211; algo entre&hellip;","_links":{"self":[{"href":"https:\/\/contandohistorias.com.br\/index.php?rest_route=\/wp\/v2\/posts\/1740","targetHints":{"allow":["GET"]}}],"collection":[{"href":"https:\/\/contandohistorias.com.br\/index.php?rest_route=\/wp\/v2\/posts"}],"about":[{"href":"https:\/\/contandohistorias.com.br\/index.php?rest_route=\/wp\/v2\/types\/post"}],"author":[{"embeddable":true,"href":"https:\/\/contandohistorias.com.br\/index.php?rest_route=\/wp\/v2\/users\/1"}],"replies":[{"embeddable":true,"href":"https:\/\/contandohistorias.com.br\/index.php?rest_route=%2Fwp%2Fv2%2Fcomments&post=1740"}],"version-history":[{"count":1,"href":"https:\/\/contandohistorias.com.br\/index.php?rest_route=\/wp\/v2\/posts\/1740\/revisions"}],"predecessor-version":[{"id":1741,"href":"https:\/\/contandohistorias.com.br\/index.php?rest_route=\/wp\/v2\/posts\/1740\/revisions\/1741"}],"wp:attachment":[{"href":"https:\/\/contandohistorias.com.br\/index.php?rest_route=%2Fwp%2Fv2%2Fmedia&parent=1740"}],"wp:term":[{"taxonomy":"category","embeddable":true,"href":"https:\/\/contandohistorias.com.br\/index.php?rest_route=%2Fwp%2Fv2%2Fcategories&post=1740"},{"taxonomy":"post_tag","embeddable":true,"href":"https:\/\/contandohistorias.com.br\/index.php?rest_route=%2Fwp%2Fv2%2Ftags&post=1740"}],"curies":[{"name":"wp","href":"https:\/\/api.w.org\/{rel}","templated":true}]}}