{"id":1749,"date":"2024-09-09T18:49:07","date_gmt":"2024-09-09T21:49:07","guid":{"rendered":"https:\/\/new.contandohistorias.com.br\/?p=1749"},"modified":"2024-09-09T18:49:51","modified_gmt":"2024-09-09T21:49:51","slug":"a-beleza-dos-dias-comuns","status":"publish","type":"post","link":"https:\/\/contandohistorias.com.br\/?p=1749","title":{"rendered":"A beleza dos dias comuns"},"content":{"rendered":"\n<p><em>Lu\u00eds Eduardo Machado<br><\/em><br>No final do dia, o marido se dirige \u00e0 esposa e diz: &#8220;Hoje foi um daqueles terr\u00edveis dias comuns&#8221;.<\/p>\n\n\n\n<p>Acho muito interessante como temos uma vis\u00e3o errada sobre os &#8220;dias comuns&#8221;.<\/p>\n\n\n\n<p>Dias comuns s\u00e3o aqueles dias em que tudo foi exatamente como sempre havia sido antes.<\/p>\n\n\n\n<p>Normalmente eles s\u00e3o reconhecidos como tediosos e ma\u00e7antes.<\/p>\n\n\n\n<p>Prefiro observar os &#8220;dias comuns&#8221; de forma diferente (at\u00e9 porque a maior parte dos nossos dias s\u00e3o &#8220;comuns&#8221;, se eles forem chatos, a nossa vida tende a ser uma chatice s\u00f3!).<\/p>\n\n\n\n<p>Para mim, os &#8220;dias comuns&#8221; t\u00eam grande valor. Quer ver?<\/p>\n\n\n\n<ul class=\"wp-block-list\">\n<li>nos dias comuns eu n\u00e3o estou doente nem estou com dor (quando tenho alguma dor, o dia n\u00e3o \u00e9 um dia comum).<\/li>\n<\/ul>\n\n\n\n<ul class=\"wp-block-list\">\n<li>nos dias comuns ningu\u00e9m que eu amo faleceu ou est\u00e1 muito doente (quando algu\u00e9m que eu amo est\u00e1 sofrendo, os dias n\u00e3o s\u00e3o comuns).<\/li>\n<\/ul>\n\n\n\n<ul class=\"wp-block-list\">\n<li>nos dias comuns n\u00e3o perco o meu emprego.<\/li>\n<\/ul>\n\n\n\n<ul class=\"wp-block-list\">\n<li>nos dias comuns a minha vida n\u00e3o est\u00e1 envolvida em nenhum esc\u00e2ndalo ou cat\u00e1strofe.<\/li>\n<\/ul>\n\n\n\n<ul class=\"wp-block-list\">\n<li>nos dias comuns as pessoas que eu amo tamb\u00e9m me amam e n\u00e3o est\u00e3o &#8220;de mal&#8221; comigo.<\/li>\n<\/ul>\n\n\n\n<ul class=\"wp-block-list\">\n<li>nos dias comuns eu n\u00e3o passo fome e nem frio.<\/li>\n<\/ul>\n\n\n\n<ul class=\"wp-block-list\">\n<li>nos dias comuns eu n\u00e3o participo das guerras e nem vejo a morte bem perto de mim.<\/li>\n<\/ul>\n\n\n\n<ul class=\"wp-block-list\">\n<li>nos dias comuns o sol n\u00e3o provocou uma seca e nem a chuva provocou uma enchente.<\/li>\n<\/ul>\n\n\n\n<ul class=\"wp-block-list\">\n<li>nos dias comuns n\u00e3o sou assaltado nem seq\u00fcestrado.<\/li>\n<\/ul>\n\n\n\n<ul class=\"wp-block-list\">\n<li>nos dias comuns os amigos n\u00e3o me traem.<\/li>\n<\/ul>\n\n\n\n<ul class=\"wp-block-list\">\n<li>nos dias comuns estou em paz.<\/li>\n<\/ul>\n\n\n\n<p>Viu? Dias comuns podem se tornar tediosos, mas dias &#8220;especiais&#8221; (n\u00e3o comuns), podem ser muito dif\u00edceis e sofridos. Por isso, prefiro os dias comuns e escolho valoriz\u00e1-los.<\/p>\n\n\n\n<p><br>H\u00e1 alguns dias atr\u00e1s tive um problema de sa\u00fade. Passei mal e tive dor. Nesse momento, fiquei lembrando do dia anterior,  um &#8220;dia comum&#8221;. No ordin\u00e1rio dos &#8220;dias comuns&#8221; eu vejo a m\u00e3o de Deus. Por isso, sou grato pela beleza dos &#8220;dias comuns&#8221;.<\/p>\n","protected":false},"excerpt":{"rendered":"<p>Lu\u00eds Eduardo MachadoNo final do dia, o marido se dirige \u00e0 esposa e diz: &#8220;Hoje foi um daqueles terr\u00edveis dias comuns&#8221;. Acho muito interessante como temos uma vis\u00e3o errada sobre os &#8220;dias comuns&#8221;. Dias comuns s\u00e3o aqueles dias em que tudo foi exatamente como sempre havia sido antes. Normalmente eles s\u00e3o reconhecidos como tediosos e [&hellip;]<\/p>\n","protected":false},"author":1,"featured_media":0,"comment_status":"open","ping_status":"open","sticky":false,"template":"","format":"standard","meta":{"_uag_custom_page_level_css":"","footnotes":""},"categories":[4],"tags":[],"class_list":["post-1749","post","type-post","status-publish","format-standard","hentry","category-historias","post-preview"],"uagb_featured_image_src":{"full":false,"thumbnail":false,"medium":false,"medium_large":false,"large":false,"1536x1536":false,"2048x2048":false,"post-image":false},"uagb_author_info":{"display_name":"Rubens","author_link":"https:\/\/contandohistorias.com.br\/?author=1"},"uagb_comment_info":0,"uagb_excerpt":"Lu\u00eds Eduardo MachadoNo final do dia, o marido se dirige \u00e0 esposa e diz: &#8220;Hoje foi um daqueles terr\u00edveis dias comuns&#8221;. Acho muito interessante como temos uma vis\u00e3o errada sobre os &#8220;dias comuns&#8221;. Dias comuns s\u00e3o aqueles dias em que tudo foi exatamente como sempre havia sido antes. Normalmente eles s\u00e3o reconhecidos como tediosos e&hellip;","_links":{"self":[{"href":"https:\/\/contandohistorias.com.br\/index.php?rest_route=\/wp\/v2\/posts\/1749","targetHints":{"allow":["GET"]}}],"collection":[{"href":"https:\/\/contandohistorias.com.br\/index.php?rest_route=\/wp\/v2\/posts"}],"about":[{"href":"https:\/\/contandohistorias.com.br\/index.php?rest_route=\/wp\/v2\/types\/post"}],"author":[{"embeddable":true,"href":"https:\/\/contandohistorias.com.br\/index.php?rest_route=\/wp\/v2\/users\/1"}],"replies":[{"embeddable":true,"href":"https:\/\/contandohistorias.com.br\/index.php?rest_route=%2Fwp%2Fv2%2Fcomments&post=1749"}],"version-history":[{"count":2,"href":"https:\/\/contandohistorias.com.br\/index.php?rest_route=\/wp\/v2\/posts\/1749\/revisions"}],"predecessor-version":[{"id":1751,"href":"https:\/\/contandohistorias.com.br\/index.php?rest_route=\/wp\/v2\/posts\/1749\/revisions\/1751"}],"wp:attachment":[{"href":"https:\/\/contandohistorias.com.br\/index.php?rest_route=%2Fwp%2Fv2%2Fmedia&parent=1749"}],"wp:term":[{"taxonomy":"category","embeddable":true,"href":"https:\/\/contandohistorias.com.br\/index.php?rest_route=%2Fwp%2Fv2%2Fcategories&post=1749"},{"taxonomy":"post_tag","embeddable":true,"href":"https:\/\/contandohistorias.com.br\/index.php?rest_route=%2Fwp%2Fv2%2Ftags&post=1749"}],"curies":[{"name":"wp","href":"https:\/\/api.w.org\/{rel}","templated":true}]}}