{"id":1785,"date":"2024-09-10T10:48:25","date_gmt":"2024-09-10T13:48:25","guid":{"rendered":"https:\/\/new.contandohistorias.com.br\/?p=1785"},"modified":"2024-09-10T10:48:28","modified_gmt":"2024-09-10T13:48:28","slug":"quatro-meses","status":"publish","type":"post","link":"https:\/\/contandohistorias.com.br\/?p=1785","title":{"rendered":"Quatro Meses"},"content":{"rendered":"\n<figure class=\"wp-block-embed is-type-rich is-provider-incorporar-manipulador wp-block-embed-incorporar-manipulador\"><div class=\"wp-block-embed__wrapper\">\n<audio class=\"wp-audio-shortcode\" id=\"audio-1785-1\" preload=\"none\" style=\"width: 100%;\" controls=\"controls\"><source type=\"audio\/mpeg\" src=\"https:\/\/www.contandohistorias.com.br\/mp3\/2006440.mp3?_=1\" \/><a href=\"https:\/\/www.contandohistorias.com.br\/mp3\/2006440.mp3\">https:\/\/www.contandohistorias.com.br\/mp3\/2006440.mp3<\/a><\/audio>\n<\/div><\/figure>\n\n\n\n<p><strong><em>Silvia Schmidt<\/em><\/strong><\/p>\n\n\n\n<p>Outro dia foi o anivers\u00e1rio da partida de uma senhora por muitos conhecida e muito querida.<\/p>\n\n\n\n<p>Algum tempo antes, chegando de uma das dezenas de consultas m\u00e9dicas que j\u00e1 fizera, ela disse aos familiares:<\/p>\n\n\n\n<p>\u2014 Pedi franqueza \u00e0 junta m\u00e9dica que me examinou, pedi-lhes que n\u00e3o me poupassem de saber a verdade sobre meu estado de sa\u00fade. Eu sinto que me resta pouco tempo.<\/p>\n\n\n\n<p>Diante dos olhares ansiosos, ela continuou:<\/p>\n\n\n\n<p>\u2014 Eles me revelaram que sou portadora de uma mol\u00e9stia incur\u00e1vel e que minha previs\u00e3o de vida \u00e9 de aproximadamente 4 meses.<\/p>\n\n\n\n<p>Perguntou uma das filhas, em prantos:<\/p>\n\n\n\n<p>\u2014 E a senhora nos conta isso com essa naturalidade ?<\/p>\n\n\n\n<p>Continuou a senhora, com muita serenidade:<\/p>\n\n\n\n<p>\u2014 Ora, eu tenho um bom tempo para fazer tudo que j\u00e1 devia ter feito h\u00e1 muito. Arrumarei todos os meus arm\u00e1rios, guardarei o que realmente uso e o resto jogarei fora ou doarei a quem precisa. Colocarei belas cortinas em todas as janelas e elas me impedir\u00e3o de ficar olhando a vida alheia. Evitarei ouvir e assistir m\u00e1s not\u00edcias e alimentarei o meu esp\u00edrito com leituras saud\u00e1veis, conversas amig\u00e1veis, dispensarei fofocas e n\u00e3o criticarei a mais ningu\u00e9m. Todos os dias tirarei o p\u00f3 da casa e, durante esse trabalho, pensarei: Estou me livrando das sujeiras que guardei do passado Pensarei naqueles que j\u00e1 me magoaram e, com sinceridade, os perdoarei. Todas as noites agradecerei a Deus por tudo que estarei conseguindo fazer nestes \u00faltimos 4 meses que me restam.<\/p>\n\n\n\n<p>\u2014 Todas as manh\u00e3s, ao acordar, perguntarei a mim mesma: &#8220;O que posso fazer para tornar o dia de hoje um dia melhor?&#8221; E farei de tudo para transmitir felicidade \u00e0queles que de mim se aproximarem. Quatro meses s\u00e3o mais de 120 dias, portanto, quando eu fechar os olhos para nunca mais abri-los, eu terei feito no m\u00ednimo 120 boas a\u00e7\u00f5es. E a cada dia que passar farei pelo menos uma boa a\u00e7\u00e3o.<\/p>\n\n\n\n<p>Todos que a ouviam, pouco a pouco se retiraram dali, indo cada um para um canto, para chorar sozinho.<\/p>\n\n\n\n<p>A mulher ali ficou e nos seus olhos havia um brilho de alegria.<\/p>\n\n\n\n<p>Pensava consigo mesma: &#8221; n\u00e3o posso curar meu corpo, mas posso mudar a vida que me resta &#8220;<\/p>\n\n\n\n<p>Ela tinha uma grande tarefa: transformar seu mundo interior, tornar-se uma pessoa totalmente diferente do que j\u00e1 fora em apenas 4 meses ela conseguiu cumpri-la plenamente.<\/p>\n\n\n\n<p>O mais curioso dessa hist\u00f3ria \u00e9 que, ap\u00f3s a not\u00edcia dada aos familiares, ela viveu mais 23 anos.<\/p>\n\n\n\n<p>Ela curou a sua pr\u00f3pria alma e sua mol\u00e9stia desapareceu; ela morreu de velhice.<\/p>\n\n\n\n<p>&#8220;Somos o que fazemos repetidamente. Por isso o m\u00e9rito n\u00e3o est\u00e1 na a\u00e7\u00e3o e sim no h\u00e1bito?. (Arist\u00f3teles)<\/p>\n\n\n\n<p>&#8220;Possu\u00edmos em n\u00f3s mesmos, pelo pensamento e a vontade, um poder de a\u00e7\u00e3o que se estende muito al\u00e9m dos limites de nossa esfera corp\u00f3rea.&#8221; (Allan Kardec)<\/p>\n\n\n\n<p>&#8220;Se voc\u00ea n\u00e3o quer ser esquecido quando morrer, escreva coisas que vale a pena ler ou fa\u00e7a coisas que vale a pena escrever.&#8221; (Benjamin Franklin)<\/p>\n\n\n\n<p>&#8220;Os homens que tentam fazer algo e falham s\u00e3o infinitamente melhores do que aqueles que tentam fazer nada e conseguem.&#8221; (Martyn Lloyd Jones)<\/p>\n\n\n\n<p>&#8220;Se o seu navio n\u00e3o chega, nade at\u00e9 ele.&#8221; (Jonathan Winters)<\/p>\n","protected":false},"excerpt":{"rendered":"<p>Silvia Schmidt Outro dia foi o anivers\u00e1rio da partida de uma senhora por muitos conhecida e muito querida. Algum tempo antes, chegando de uma das dezenas de consultas m\u00e9dicas que j\u00e1 fizera, ela disse aos familiares: \u2014 Pedi franqueza \u00e0 junta m\u00e9dica que me examinou, pedi-lhes que n\u00e3o me poupassem de saber a verdade sobre [&hellip;]<\/p>\n","protected":false},"author":1,"featured_media":0,"comment_status":"closed","ping_status":"closed","sticky":false,"template":"","format":"standard","meta":{"_uag_custom_page_level_css":"","footnotes":""},"categories":[4],"tags":[],"class_list":["post-1785","post","type-post","status-publish","format-standard","hentry","category-historias","post-preview"],"uagb_featured_image_src":{"full":false,"thumbnail":false,"medium":false,"medium_large":false,"large":false,"1536x1536":false,"2048x2048":false,"post-image":false},"uagb_author_info":{"display_name":"Rubens","author_link":"https:\/\/contandohistorias.com.br\/?author=1"},"uagb_comment_info":0,"uagb_excerpt":"Silvia Schmidt Outro dia foi o anivers\u00e1rio da partida de uma senhora por muitos conhecida e muito querida. Algum tempo antes, chegando de uma das dezenas de consultas m\u00e9dicas que j\u00e1 fizera, ela disse aos familiares: \u2014 Pedi franqueza \u00e0 junta m\u00e9dica que me examinou, pedi-lhes que n\u00e3o me poupassem de saber a verdade sobre&hellip;","_links":{"self":[{"href":"https:\/\/contandohistorias.com.br\/index.php?rest_route=\/wp\/v2\/posts\/1785","targetHints":{"allow":["GET"]}}],"collection":[{"href":"https:\/\/contandohistorias.com.br\/index.php?rest_route=\/wp\/v2\/posts"}],"about":[{"href":"https:\/\/contandohistorias.com.br\/index.php?rest_route=\/wp\/v2\/types\/post"}],"author":[{"embeddable":true,"href":"https:\/\/contandohistorias.com.br\/index.php?rest_route=\/wp\/v2\/users\/1"}],"replies":[{"embeddable":true,"href":"https:\/\/contandohistorias.com.br\/index.php?rest_route=%2Fwp%2Fv2%2Fcomments&post=1785"}],"version-history":[{"count":1,"href":"https:\/\/contandohistorias.com.br\/index.php?rest_route=\/wp\/v2\/posts\/1785\/revisions"}],"predecessor-version":[{"id":1786,"href":"https:\/\/contandohistorias.com.br\/index.php?rest_route=\/wp\/v2\/posts\/1785\/revisions\/1786"}],"wp:attachment":[{"href":"https:\/\/contandohistorias.com.br\/index.php?rest_route=%2Fwp%2Fv2%2Fmedia&parent=1785"}],"wp:term":[{"taxonomy":"category","embeddable":true,"href":"https:\/\/contandohistorias.com.br\/index.php?rest_route=%2Fwp%2Fv2%2Fcategories&post=1785"},{"taxonomy":"post_tag","embeddable":true,"href":"https:\/\/contandohistorias.com.br\/index.php?rest_route=%2Fwp%2Fv2%2Ftags&post=1785"}],"curies":[{"name":"wp","href":"https:\/\/api.w.org\/{rel}","templated":true}]}}