{"id":1787,"date":"2024-09-10T10:49:00","date_gmt":"2024-09-10T13:49:00","guid":{"rendered":"https:\/\/new.contandohistorias.com.br\/?p=1787"},"modified":"2024-09-10T10:49:03","modified_gmt":"2024-09-10T13:49:03","slug":"quatro-velas","status":"publish","type":"post","link":"https:\/\/contandohistorias.com.br\/?p=1787","title":{"rendered":"Quatro Velas"},"content":{"rendered":"\n<figure class=\"wp-block-embed is-type-rich is-provider-incorporar-manipulador wp-block-embed-incorporar-manipulador\"><div class=\"wp-block-embed__wrapper\">\n<audio class=\"wp-audio-shortcode\" id=\"audio-1787-1\" preload=\"none\" style=\"width: 100%;\" controls=\"controls\"><source type=\"audio\/mpeg\" src=\"https:\/\/www.contandohistorias.com.br\/mp3\/2004372.mp3?_=1\" \/><a href=\"https:\/\/www.contandohistorias.com.br\/mp3\/2004372.mp3\">https:\/\/www.contandohistorias.com.br\/mp3\/2004372.mp3<\/a><\/audio>\n<\/div><\/figure>\n\n\n\n<p><\/p>\n\n\n\n<p>Quatro velas estavam queimando calmamente.<\/p>\n\n\n\n<p>O ambiente estava t\u00e3o silencioso que podia-se ouvir o di\u00e1logo que travavam.<\/p>\n\n\n\n<p>A primeira disse :<\/p>\n\n\n\n<p>\u2014 Eu sou a Paz ! Apesar de minha luz as pessoas n\u00e3o conseguem manter-me, acho que vou apagar.<\/p>\n\n\n\n<p>E diminuindo devagarzinho, apagou totalmente.<\/p>\n\n\n\n<p>A segunda disse :<\/p>\n\n\n\n<p>\u2014 Eu me chamo F\u00e9 ! Infelizmente sou muito sup\u00e9rflua.<\/p>\n\n\n\n<p>As pessoas n\u00e3o querem saber de Deus.<\/p>\n\n\n\n<p>N\u00e3o faz sentido continuar queimando.<\/p>\n\n\n\n<p>Ao terminar sua fala, um vento levemente bateu sobre ela, e esta se apagou.<\/p>\n\n\n\n<p>Baixinho e triste a terceira vela se manifestou :<\/p>\n\n\n\n<p>\u2014 Eu sou o Amor ! N\u00e3o tenho mais for\u00e7as para queimar.<\/p>\n\n\n\n<p>As pessoas me deixam de lado, s\u00f3 conseguem se enxergar, esquecem-se at\u00e9 daqueles \u00e0 sua volta que lhes amam.<\/p>\n\n\n\n<p>E sem esperar apagou-se.<\/p>\n\n\n\n<p>\u2014 Que \u00e9 isto ? Voc\u00eas deviam queimar e ficar acesas at\u00e9 o fim.<\/p>\n\n\n\n<p>Dizendo isso come\u00e7ou a chorar.<\/p>\n\n\n\n<p>Ent\u00e3o a quarta vela falou :<\/p>\n\n\n\n<p>\u2014 N\u00e3o tenhas medo crian\u00e7a, enquanto eu queimar podemos acender as outras velas, eu sou a Esperan\u00e7a !<\/p>\n\n\n\n<p>A crian\u00e7a com os olhos brilhantes pegou a vela que restava e acendeu todas as outras. &#8220;Que a vela da esperan\u00e7a nunca se apague dentro de n\u00f3s &#8230;&#8221;<\/p>\n\n\n\n<p><em>Colabora\u00e7\u00e3o: Renato Antunes Oliveira<\/em><\/p>\n","protected":false},"excerpt":{"rendered":"<p>Quatro velas estavam queimando calmamente. O ambiente estava t\u00e3o silencioso que podia-se ouvir o di\u00e1logo que travavam. A primeira disse : \u2014 Eu sou a Paz ! Apesar de minha luz as pessoas n\u00e3o conseguem manter-me, acho que vou apagar. E diminuindo devagarzinho, apagou totalmente. A segunda disse : \u2014 Eu me chamo F\u00e9 ! [&hellip;]<\/p>\n","protected":false},"author":1,"featured_media":0,"comment_status":"closed","ping_status":"closed","sticky":false,"template":"","format":"standard","meta":{"_uag_custom_page_level_css":"","footnotes":""},"categories":[4],"tags":[],"class_list":["post-1787","post","type-post","status-publish","format-standard","hentry","category-historias","post-preview"],"uagb_featured_image_src":{"full":false,"thumbnail":false,"medium":false,"medium_large":false,"large":false,"1536x1536":false,"2048x2048":false,"post-image":false},"uagb_author_info":{"display_name":"Rubens","author_link":"https:\/\/contandohistorias.com.br\/?author=1"},"uagb_comment_info":0,"uagb_excerpt":"Quatro velas estavam queimando calmamente. O ambiente estava t\u00e3o silencioso que podia-se ouvir o di\u00e1logo que travavam. A primeira disse : \u2014 Eu sou a Paz ! Apesar de minha luz as pessoas n\u00e3o conseguem manter-me, acho que vou apagar. E diminuindo devagarzinho, apagou totalmente. A segunda disse : \u2014 Eu me chamo F\u00e9 !&hellip;","_links":{"self":[{"href":"https:\/\/contandohistorias.com.br\/index.php?rest_route=\/wp\/v2\/posts\/1787","targetHints":{"allow":["GET"]}}],"collection":[{"href":"https:\/\/contandohistorias.com.br\/index.php?rest_route=\/wp\/v2\/posts"}],"about":[{"href":"https:\/\/contandohistorias.com.br\/index.php?rest_route=\/wp\/v2\/types\/post"}],"author":[{"embeddable":true,"href":"https:\/\/contandohistorias.com.br\/index.php?rest_route=\/wp\/v2\/users\/1"}],"replies":[{"embeddable":true,"href":"https:\/\/contandohistorias.com.br\/index.php?rest_route=%2Fwp%2Fv2%2Fcomments&post=1787"}],"version-history":[{"count":1,"href":"https:\/\/contandohistorias.com.br\/index.php?rest_route=\/wp\/v2\/posts\/1787\/revisions"}],"predecessor-version":[{"id":1788,"href":"https:\/\/contandohistorias.com.br\/index.php?rest_route=\/wp\/v2\/posts\/1787\/revisions\/1788"}],"wp:attachment":[{"href":"https:\/\/contandohistorias.com.br\/index.php?rest_route=%2Fwp%2Fv2%2Fmedia&parent=1787"}],"wp:term":[{"taxonomy":"category","embeddable":true,"href":"https:\/\/contandohistorias.com.br\/index.php?rest_route=%2Fwp%2Fv2%2Fcategories&post=1787"},{"taxonomy":"post_tag","embeddable":true,"href":"https:\/\/contandohistorias.com.br\/index.php?rest_route=%2Fwp%2Fv2%2Ftags&post=1787"}],"curies":[{"name":"wp","href":"https:\/\/api.w.org\/{rel}","templated":true}]}}