{"id":1824,"date":"2024-09-10T12:37:15","date_gmt":"2024-09-10T15:37:15","guid":{"rendered":"https:\/\/new.contandohistorias.com.br\/?p=1824"},"modified":"2024-09-10T12:37:19","modified_gmt":"2024-09-10T15:37:19","slug":"receita-da-dona-cacilda","status":"publish","type":"post","link":"https:\/\/contandohistorias.com.br\/?p=1824","title":{"rendered":"Receita da Dona Cacilda"},"content":{"rendered":"\n<figure class=\"wp-block-embed is-type-rich is-provider-incorporar-manipulador wp-block-embed-incorporar-manipulador\"><div class=\"wp-block-embed__wrapper\">\n<audio class=\"wp-audio-shortcode\" id=\"audio-1824-1\" preload=\"none\" style=\"width: 100%;\" controls=\"controls\"><source type=\"audio\/mpeg\" src=\"https:\/\/www.contandohistorias.com.br\/mp3\/2006489.mp3?_=1\" \/><a href=\"https:\/\/www.contandohistorias.com.br\/mp3\/2006489.mp3\">https:\/\/www.contandohistorias.com.br\/mp3\/2006489.mp3<\/a><\/audio>\n<\/div><\/figure>\n\n\n\n<p>Dona Cacilda \u00e9 uma senhora de 92 anos, mi\u00fada, e t\u00e3o elegante, que todo dia \u00e0s 08 da manh\u00e3 ela j\u00e1 est\u00e1 toda vestida, bem penteada e discretamente maquiada, apesar de sua pouca vis\u00e3o.<\/p>\n\n\n\n<p>E hoje ela se mudou para uma casa de repouso: o marido, com quem ela viveu 70 anos, morreu recentemente, e n\u00e3o havia outra solu\u00e7\u00e3o..<\/p>\n\n\n\n<p>Depois de esperar pacientemente por duas horas na sala de visitas, ela ainda deu um lindo sorriso quando a atendente veio dizer que seu quarto estava pronto. Enquanto ela manobrava o andador em dire\u00e7\u00e3o ao elevador, dei uma descri\u00e7\u00e3o do seu min\u00fasculo quartinho, inclusive das cortinas floridas que enfeitavam a janela.<\/p>\n\n\n\n<p>Ela me interrompeu com o entusiasmo de uma garotinha que acabou de ganhar um filhote de cachorrinho.<\/p>\n\n\n\n<p>\u2014 Ah, eu adoro essas cortinas&#8230;<\/p>\n\n\n\n<p>\u2014 Dona Cacilda, a senhora ainda nem viu seu quarto&#8230; Espera um pouco&#8230;<\/p>\n\n\n\n<p>\u2014 Isto n\u00e3o tem nada a ver, ela respondeu, felicidade \u00e9 algo que voc\u00ea decide por princ\u00edpio. Se eu vou gostar ou n\u00e3o do meu quarto, n\u00e3o depende de como a mob\u00edlia vai estar arrumada&#8230; Vai depender de como eu preparo minha expectativa. E eu j\u00e1 decidi que vou adorar. \u00c9 uma decis\u00e3o que tomo todo dia quando acordo. Sabe, eu posso passar o dia inteiro na cama, contando as dificuldades que tenho em certas partes do meu corpo que n\u00e3o funcionam bem&#8230; Ou posso levantar da cama agradecendo pelas outras partes que ainda me obedecem.<\/p>\n\n\n\n<p>\u2014 Simples assim?<\/p>\n\n\n\n<p>\u2014 Nem tanto; isto \u00e9 para quem tem autocontrole e exigiu de mim um certo &#8216;treino&#8217; pelos anos a fora, mas \u00e9 bom saber que ainda posso dirigir meus pensamentos e escolher, em consequ\u00eancia, os sentimentos.<\/p>\n\n\n\n<p>Calmamente ela continuou:<\/p>\n\n\n\n<p>\u2014 Cada dia \u00e9 um presente, e enquanto meus olhos se abrirem, vou focalizar o novo dia, mas tamb\u00e9m as lembran\u00e7as alegres que eu guardei para esta \u00e9poca da vida. A velhice \u00e9 como uma conta banc\u00e1ria: voc\u00ea s\u00f3 retira aquilo que guardou. Ent\u00e3o, meu conselho para voc\u00ea \u00e9 depositar um monte de alegrias e felicidades na sua Conta de Lembran\u00e7as. E, ali\u00e1s, obrigada por este seu dep\u00f3sito no meu Banco de Lembran\u00e7as. Como voc\u00ea v\u00ea, eu ainda continuo depositando e acredito que, por mais complexa que seja a vida, s\u00e1bio \u00e9 quem a simplifica.<\/p>\n\n\n\n<p>Depois me pediu para anotar:<\/p>\n\n\n\n<h2 class=\"wp-block-heading\">Como manter-se jovem<\/h2>\n\n\n\n<ol class=\"wp-block-list\">\n<li>Deixe fora os n\u00fameros que n\u00e3o s\u00e3o essenciais. Isto inclui a idade,o peso e a altura. Deixe que os m\u00e9dicos se preocupem com isso.<\/li>\n\n\n\n<li>Mantenha s\u00f3 os amigos divertidos. Os depressivos puxam para baixo. (Lembre-se disto se for um desses depressivos!)<\/li>\n\n\n\n<li>Aprenda sempre: Aprenda mais sobre computadores, artes, jardinagem, o que quer que seja. N\u00e3o deixe que o c\u00e9rebro se torne pregui\u00e7oso. &#8216;Uma mente pregui\u00e7osa \u00e9 oficina do Alem\u00e3o.&#8217; E o nome do Alem\u00e3o \u00e9 Alzheimer!<\/li>\n\n\n\n<li>Aprecie mais as pequenas coisas.<\/li>\n\n\n\n<li>Ria muitas vezes, durante muito tempo e alto. Ria at\u00e9 lhe faltar o ar. E se tiver um amigo que o fa\u00e7a rir, passe muito e muito tempo com ele ou ela!<\/li>\n\n\n\n<li>Quando as l\u00e1grimas aparecerem, aguente, sofra e ultrapasse. A \u00fanica pessoa que fica conosco toda a nossa vida somos n\u00f3s pr\u00f3prios. VIVA enquanto estiver vivo.<\/li>\n\n\n\n<li>Rodeie-se das coisas que ama: Quer seja a fam\u00edlia, animais, plantas, hobbies, o que quer que seja. O seu lar \u00e9 o seu ref\u00fagio.<\/li>\n\n\n\n<li>Tome cuidado com a sua sa\u00fade: Se \u00e9 boa, mantenha-a. Se \u00e9 inst\u00e1vel, melhore-a. Se n\u00e3o consegue melhor\u00e1-la , procure ajuda.<\/li>\n\n\n\n<li>N\u00e3o fa\u00e7a viagens de culpa. Fa\u00e7a uma viagem ao centro comercial, at\u00e9 a um pa\u00eds diferente, mas N\u00c3O para onde haja culpa<\/li>\n\n\n\n<li>Diga \u00e0s pessoas que ama que as ama a cada oportunidade.<\/li>\n<\/ol>\n","protected":false},"excerpt":{"rendered":"<p>Dona Cacilda \u00e9 uma senhora de 92 anos, mi\u00fada, e t\u00e3o elegante, que todo dia \u00e0s 08 da manh\u00e3 ela j\u00e1 est\u00e1 toda vestida, bem penteada e discretamente maquiada, apesar de sua pouca vis\u00e3o. E hoje ela se mudou para uma casa de repouso: o marido, com quem ela viveu 70 anos, morreu recentemente, e [&hellip;]<\/p>\n","protected":false},"author":1,"featured_media":0,"comment_status":"closed","ping_status":"closed","sticky":false,"template":"","format":"standard","meta":{"_uag_custom_page_level_css":"","footnotes":""},"categories":[4],"tags":[],"class_list":["post-1824","post","type-post","status-publish","format-standard","hentry","category-historias","post-preview"],"uagb_featured_image_src":{"full":false,"thumbnail":false,"medium":false,"medium_large":false,"large":false,"1536x1536":false,"2048x2048":false,"post-image":false},"uagb_author_info":{"display_name":"Rubens","author_link":"https:\/\/contandohistorias.com.br\/?author=1"},"uagb_comment_info":0,"uagb_excerpt":"Dona Cacilda \u00e9 uma senhora de 92 anos, mi\u00fada, e t\u00e3o elegante, que todo dia \u00e0s 08 da manh\u00e3 ela j\u00e1 est\u00e1 toda vestida, bem penteada e discretamente maquiada, apesar de sua pouca vis\u00e3o. E hoje ela se mudou para uma casa de repouso: o marido, com quem ela viveu 70 anos, morreu recentemente, e&hellip;","_links":{"self":[{"href":"https:\/\/contandohistorias.com.br\/index.php?rest_route=\/wp\/v2\/posts\/1824","targetHints":{"allow":["GET"]}}],"collection":[{"href":"https:\/\/contandohistorias.com.br\/index.php?rest_route=\/wp\/v2\/posts"}],"about":[{"href":"https:\/\/contandohistorias.com.br\/index.php?rest_route=\/wp\/v2\/types\/post"}],"author":[{"embeddable":true,"href":"https:\/\/contandohistorias.com.br\/index.php?rest_route=\/wp\/v2\/users\/1"}],"replies":[{"embeddable":true,"href":"https:\/\/contandohistorias.com.br\/index.php?rest_route=%2Fwp%2Fv2%2Fcomments&post=1824"}],"version-history":[{"count":1,"href":"https:\/\/contandohistorias.com.br\/index.php?rest_route=\/wp\/v2\/posts\/1824\/revisions"}],"predecessor-version":[{"id":1825,"href":"https:\/\/contandohistorias.com.br\/index.php?rest_route=\/wp\/v2\/posts\/1824\/revisions\/1825"}],"wp:attachment":[{"href":"https:\/\/contandohistorias.com.br\/index.php?rest_route=%2Fwp%2Fv2%2Fmedia&parent=1824"}],"wp:term":[{"taxonomy":"category","embeddable":true,"href":"https:\/\/contandohistorias.com.br\/index.php?rest_route=%2Fwp%2Fv2%2Fcategories&post=1824"},{"taxonomy":"post_tag","embeddable":true,"href":"https:\/\/contandohistorias.com.br\/index.php?rest_route=%2Fwp%2Fv2%2Ftags&post=1824"}],"curies":[{"name":"wp","href":"https:\/\/api.w.org\/{rel}","templated":true}]}}