{"id":1838,"date":"2024-09-10T12:40:43","date_gmt":"2024-09-10T15:40:43","guid":{"rendered":"https:\/\/new.contandohistorias.com.br\/?p=1838"},"modified":"2024-09-10T12:40:47","modified_gmt":"2024-09-10T15:40:47","slug":"reformar-o-eu","status":"publish","type":"post","link":"https:\/\/contandohistorias.com.br\/?p=1838","title":{"rendered":"Reformar o eu"},"content":{"rendered":"\n<figure class=\"wp-block-embed is-type-rich is-provider-incorporar-manipulador wp-block-embed-incorporar-manipulador\"><div class=\"wp-block-embed__wrapper\">\n<audio class=\"wp-audio-shortcode\" id=\"audio-1838-1\" preload=\"none\" style=\"width: 100%;\" controls=\"controls\"><source type=\"audio\/mpeg\" src=\"https:\/\/www.contandohistorias.com.br\/mp3\/2004271.mp3?_=1\" \/><a href=\"https:\/\/www.contandohistorias.com.br\/mp3\/2004271.mp3\">https:\/\/www.contandohistorias.com.br\/mp3\/2004271.mp3<\/a><\/audio>\n<\/div><\/figure>\n\n\n\n<p>Primeiro considera profunda e sinceramente Se tens que reformar teu pr\u00f3prio interior. Se conclu\u00edres que sim, Saibas, desde j\u00e1, que n\u00e3o ser\u00e1 tarefa f\u00e1cil. Ter\u00e1s teu pr\u00f3prio eu como teu maior advers\u00e1rio Nessa grande reforma. Se, mesmo assim, Decidires que teu tempo de mudan\u00e7a chegou, N\u00e3o cometas o erro de tentar, Porque tentar, apenas, \u00e9 pouco! Fa\u00e7a ou n\u00e3o fa\u00e7a!<\/p>\n\n\n\n<p>Entretanto, Se te julgas suficientemente forte Para vencer teu drag\u00e3o interior, Ent\u00e3o, come\u00e7a pelo cora\u00e7\u00e3o! E n\u00e3o deixes pedra sobre pedra, Sequer aqueles entulhos de sentimentos T\u00e3o carinhosamente guardados Para quando um dia possas vir a utiliz\u00e1-los.<\/p>\n\n\n\n<p>Desfaz-te dos antigos quadros que j\u00e1 nada dizem, Apenas doem, Pregados com pregos enferrujados na parede da alma&#8230; Abre as janelas de tuas aspira\u00e7\u00f5es Para o sol da manh\u00e3 de um novo dia de realiza\u00e7\u00f5es, E deixa a luz purificadora do sol das ousadias Invadir os cantos escuros de tuas preocupa\u00e7\u00f5es &#8211; por perigos, talvez imagin\u00e1rios &#8211; Onde escondias tuas dores irreveladas.<\/p>\n\n\n\n<p>Ouve os trinados dos p\u00e1ssaros de teus sonhos A te entoarem novas e reveladoras melodias. Abre a porta de tua mans\u00e3o do passado, E vejas o caminho dos teus ideais Abrindo-se em felizes e brilhantes futuros, Enfeitados pelas flores das muitas alegrias Que te esperam ao longo da jornada.<\/p>\n\n\n\n<p>Caminha por ele. N\u00e3o! N\u00e3o leves nada! N\u00e3o cedas \u00e0 tenta\u00e7\u00e3o de levar contigo Aquela enganadora linda caixinha de veludo, Que cont\u00e9m doces lembran\u00e7as de um passado feliz. Ela ser\u00e1 o teu veneno, E te far\u00e1 verter l\u00e1grimas Por algo que n\u00e3o pode ser revivido nem alterado, Quando deverias sorrir Pelo verdejante vale de alegrias Que te aguarda e com as quais nem sonhas.<\/p>\n\n\n\n<p>Abre as janelas de teus embolorados projetos H\u00e1 tanto adiados E deixa o frescor da brisa de novas metas Estabelecerem novos rumos para tua vida. Pinta de cores novas e alegres Teus ensombrecidos por\u00f5es, E deixa que a luz de novas promessas de vida os ilumine E invadam os nichos de tuas retic\u00eancias.<\/p>\n\n\n\n<p>N\u00e3o temas a noite silenciosa de tuas incertezas, Nem as chuvas ocasionais de tuas tristezas. Elas vir\u00e3o, com certeza. Mas, noites podem ser belas, Se, ao contr\u00e1rio de olhares para a escurid\u00e3o Que nada transmite, Decidires olhar para o c\u00e9u e contar estrelas, E v\u00ea-las como purpurinas Com que Deus enfeita a festa Da descoberta do encontro com teu pr\u00f3prio eu.<\/p>\n\n\n\n<p>Chuvas podem ser revigorantes, Se decidires n\u00e3o apenas Olhar para os rios de tuas atribula\u00e7\u00f5es, Transbordantes de preocupa\u00e7\u00f5es, Mas te detiveres a observar Os novos ramos de esperan\u00e7a de vida Que nascem ap\u00f3s a tormenta.<\/p>\n\n\n\n<p>Abre as portas daquele arm\u00e1rio de espelhos, Onde guardavas apenas os reflexos de tuas boas inten\u00e7\u00f5es, E olhando tua pr\u00f3pria imagem refletida, Faze valer a pena ser tu A \u00fanica coisa de valor que vale a pena ser guardada ali. Desfa\u00e7a-te de tudo o que possa ser apenas miragens, E v\u00e1 \u00e0 feira de novas aspira\u00e7\u00f5es, Onde poder\u00e1s adquirir novos adornos para tua alma.<\/p>\n\n\n\n<p>N\u00e3o te deixes iludir por muitos brilhos. Procura as coisas simples, Porque ser\u00e3o sempre as mais verdadeiras. Sai de tua p\u00e1lida estada Nas sombras da saudade e da desesperan\u00e7a E vai para a luz irradiante do sol das novas perspectivas.<\/p>\n\n\n\n<p>E quando estiveres caminhando Pela estrada do encontro com teu pr\u00f3prio cora\u00e7\u00e3o, Olha, de vez em quando, para o alto, Para o cimo das montanhas, Porque \u00e9 l\u00e1 que nascer\u00e1, para sempre, a cada manh\u00e3, O raiar de um novo dia!<\/p>\n","protected":false},"excerpt":{"rendered":"<p>Primeiro considera profunda e sinceramente Se tens que reformar teu pr\u00f3prio interior. Se conclu\u00edres que sim, Saibas, desde j\u00e1, que n\u00e3o ser\u00e1 tarefa f\u00e1cil. Ter\u00e1s teu pr\u00f3prio eu como teu maior advers\u00e1rio Nessa grande reforma. Se, mesmo assim, Decidires que teu tempo de mudan\u00e7a chegou, N\u00e3o cometas o erro de tentar, Porque tentar, apenas, \u00e9 [&hellip;]<\/p>\n","protected":false},"author":1,"featured_media":0,"comment_status":"closed","ping_status":"closed","sticky":false,"template":"","format":"standard","meta":{"_uag_custom_page_level_css":"","footnotes":""},"categories":[4],"tags":[],"class_list":["post-1838","post","type-post","status-publish","format-standard","hentry","category-historias","post-preview"],"uagb_featured_image_src":{"full":false,"thumbnail":false,"medium":false,"medium_large":false,"large":false,"1536x1536":false,"2048x2048":false,"post-image":false},"uagb_author_info":{"display_name":"Rubens","author_link":"https:\/\/contandohistorias.com.br\/?author=1"},"uagb_comment_info":0,"uagb_excerpt":"Primeiro considera profunda e sinceramente Se tens que reformar teu pr\u00f3prio interior. Se conclu\u00edres que sim, Saibas, desde j\u00e1, que n\u00e3o ser\u00e1 tarefa f\u00e1cil. Ter\u00e1s teu pr\u00f3prio eu como teu maior advers\u00e1rio Nessa grande reforma. Se, mesmo assim, Decidires que teu tempo de mudan\u00e7a chegou, N\u00e3o cometas o erro de tentar, Porque tentar, apenas, \u00e9&hellip;","_links":{"self":[{"href":"https:\/\/contandohistorias.com.br\/index.php?rest_route=\/wp\/v2\/posts\/1838","targetHints":{"allow":["GET"]}}],"collection":[{"href":"https:\/\/contandohistorias.com.br\/index.php?rest_route=\/wp\/v2\/posts"}],"about":[{"href":"https:\/\/contandohistorias.com.br\/index.php?rest_route=\/wp\/v2\/types\/post"}],"author":[{"embeddable":true,"href":"https:\/\/contandohistorias.com.br\/index.php?rest_route=\/wp\/v2\/users\/1"}],"replies":[{"embeddable":true,"href":"https:\/\/contandohistorias.com.br\/index.php?rest_route=%2Fwp%2Fv2%2Fcomments&post=1838"}],"version-history":[{"count":1,"href":"https:\/\/contandohistorias.com.br\/index.php?rest_route=\/wp\/v2\/posts\/1838\/revisions"}],"predecessor-version":[{"id":1839,"href":"https:\/\/contandohistorias.com.br\/index.php?rest_route=\/wp\/v2\/posts\/1838\/revisions\/1839"}],"wp:attachment":[{"href":"https:\/\/contandohistorias.com.br\/index.php?rest_route=%2Fwp%2Fv2%2Fmedia&parent=1838"}],"wp:term":[{"taxonomy":"category","embeddable":true,"href":"https:\/\/contandohistorias.com.br\/index.php?rest_route=%2Fwp%2Fv2%2Fcategories&post=1838"},{"taxonomy":"post_tag","embeddable":true,"href":"https:\/\/contandohistorias.com.br\/index.php?rest_route=%2Fwp%2Fv2%2Ftags&post=1838"}],"curies":[{"name":"wp","href":"https:\/\/api.w.org\/{rel}","templated":true}]}}