{"id":1869,"date":"2024-09-10T12:53:15","date_gmt":"2024-09-10T15:53:15","guid":{"rendered":"https:\/\/new.contandohistorias.com.br\/?p=1869"},"modified":"2024-09-10T12:53:20","modified_gmt":"2024-09-10T15:53:20","slug":"se-alguem-te-procurar","status":"publish","type":"post","link":"https:\/\/contandohistorias.com.br\/?p=1869","title":{"rendered":"Se Algu\u00e9m te Procurar&#8230;"},"content":{"rendered":"\n<figure class=\"wp-block-embed is-type-rich is-provider-incorporar-manipulador wp-block-embed-incorporar-manipulador\"><div class=\"wp-block-embed__wrapper\">\n<audio class=\"wp-audio-shortcode\" id=\"audio-1869-1\" preload=\"none\" style=\"width: 100%;\" controls=\"controls\"><source type=\"audio\/mpeg\" src=\"https:\/\/www.contandohistorias.com.br\/mp3\/2006365.mp3?_=1\" \/><a href=\"https:\/\/www.contandohistorias.com.br\/mp3\/2006365.mp3\">https:\/\/www.contandohistorias.com.br\/mp3\/2006365.mp3<\/a><\/audio>\n<\/div><\/figure>\n\n\n\n<p>Com frio&#8230; \u00c9 porque voc\u00ea tem o cobertor.<\/p>\n\n\n\n<p>Com alegria&#8230; \u00c9 porque voc\u00ea tem o sorriso.<\/p>\n\n\n\n<p>Com l\u00e1grimas&#8230; \u00c9 porque voc\u00ea tem o len\u00e7o.<\/p>\n\n\n\n<p>Com versos&#8230; \u00c9 porque voc\u00ea tem a m\u00fasica.<\/p>\n\n\n\n<p>Com dor&#8230; \u00c9 porque voc\u00ea tem o curativo.<\/p>\n\n\n\n<p>Com palavras&#8230; \u00c9 porque voc\u00ea tem a audi\u00e7\u00e3o.<\/p>\n\n\n\n<p>Com fome&#8230; \u00c9 porque voc\u00ea tem o alimento.<\/p>\n\n\n\n<p>Com beijos&#8230; \u00c9 porque voc\u00ea tem o mel.<\/p>\n\n\n\n<p>Com d\u00favidas&#8230; \u00c9 porque voc\u00ea tem o caminho.<\/p>\n\n\n\n<p>Com orquestras&#8230; \u00c9 porque voc\u00ea tem a festa.<\/p>\n\n\n\n<p>Com des\u00e2nimo&#8230; \u00c9 porque voc\u00ea tem o estimulo.<\/p>\n\n\n\n<p>Com fantasias&#8230; \u00c9 porque voc\u00ea tem a realidade.<\/p>\n\n\n\n<p>Com desespero&#8230; \u00c9 porque voc\u00ea tem a Serenidade.<\/p>\n\n\n\n<p>Com entusiasmo&#8230; \u00c9 porque voc\u00ea tem o brilho.<\/p>\n\n\n\n<p>Com segredos&#8230; \u00c9 porque voc\u00ea tem a cumplicidade.<\/p>\n\n\n\n<p>Com tumulto&#8230; \u00c9 porque voc\u00ea tem a calma.<\/p>\n\n\n\n<p>Com confian\u00e7a&#8230; \u00c9 porque voc\u00ea tem a for\u00e7a.<\/p>\n\n\n\n<p>Com medo&#8230; \u00c9 porque voc\u00ea tem o AMOR!!!<\/p>\n\n\n\n<p>Ningu\u00e9m chega at\u00e9 VOC\u00ca por acaso, Em &#8220;TUDO&#8221; h\u00e1 prop\u00f3sito&#8230;<\/p>\n\n\n\n<p>Inclusive em voc\u00ea estar lendo aqui, agora.<\/p>\n\n\n\n<p>Vamos prestar mais aten\u00e7\u00e3o em nossa volta, algu\u00e9m pode estar pedindo algo a n\u00f3s e n\u00e3o estamos ouvindo.<\/p>\n\n\n\n<p>&#8220;Voc\u00ea pode at\u00e9 n\u00e3o ser ningu\u00e9m para este mundo, mas \u00e9 o mundo para algu\u00e9m&#8221;.<\/p>\n\n\n\n<p><em>Colabora\u00e7\u00e3o de Renato J.G.Filho<\/em><\/p>\n","protected":false},"excerpt":{"rendered":"<p>Com frio&#8230; \u00c9 porque voc\u00ea tem o cobertor. Com alegria&#8230; \u00c9 porque voc\u00ea tem o sorriso. Com l\u00e1grimas&#8230; \u00c9 porque voc\u00ea tem o len\u00e7o. Com versos&#8230; \u00c9 porque voc\u00ea tem a m\u00fasica. Com dor&#8230; \u00c9 porque voc\u00ea tem o curativo. Com palavras&#8230; \u00c9 porque voc\u00ea tem a audi\u00e7\u00e3o. Com fome&#8230; \u00c9 porque voc\u00ea tem o [&hellip;]<\/p>\n","protected":false},"author":1,"featured_media":0,"comment_status":"closed","ping_status":"closed","sticky":false,"template":"","format":"standard","meta":{"_uag_custom_page_level_css":"","footnotes":""},"categories":[4],"tags":[],"class_list":["post-1869","post","type-post","status-publish","format-standard","hentry","category-historias","post-preview"],"uagb_featured_image_src":{"full":false,"thumbnail":false,"medium":false,"medium_large":false,"large":false,"1536x1536":false,"2048x2048":false,"post-image":false},"uagb_author_info":{"display_name":"Rubens","author_link":"https:\/\/contandohistorias.com.br\/?author=1"},"uagb_comment_info":0,"uagb_excerpt":"Com frio&#8230; \u00c9 porque voc\u00ea tem o cobertor. Com alegria&#8230; \u00c9 porque voc\u00ea tem o sorriso. Com l\u00e1grimas&#8230; \u00c9 porque voc\u00ea tem o len\u00e7o. Com versos&#8230; \u00c9 porque voc\u00ea tem a m\u00fasica. Com dor&#8230; \u00c9 porque voc\u00ea tem o curativo. Com palavras&#8230; \u00c9 porque voc\u00ea tem a audi\u00e7\u00e3o. Com fome&#8230; \u00c9 porque voc\u00ea tem o&hellip;","_links":{"self":[{"href":"https:\/\/contandohistorias.com.br\/index.php?rest_route=\/wp\/v2\/posts\/1869","targetHints":{"allow":["GET"]}}],"collection":[{"href":"https:\/\/contandohistorias.com.br\/index.php?rest_route=\/wp\/v2\/posts"}],"about":[{"href":"https:\/\/contandohistorias.com.br\/index.php?rest_route=\/wp\/v2\/types\/post"}],"author":[{"embeddable":true,"href":"https:\/\/contandohistorias.com.br\/index.php?rest_route=\/wp\/v2\/users\/1"}],"replies":[{"embeddable":true,"href":"https:\/\/contandohistorias.com.br\/index.php?rest_route=%2Fwp%2Fv2%2Fcomments&post=1869"}],"version-history":[{"count":1,"href":"https:\/\/contandohistorias.com.br\/index.php?rest_route=\/wp\/v2\/posts\/1869\/revisions"}],"predecessor-version":[{"id":1870,"href":"https:\/\/contandohistorias.com.br\/index.php?rest_route=\/wp\/v2\/posts\/1869\/revisions\/1870"}],"wp:attachment":[{"href":"https:\/\/contandohistorias.com.br\/index.php?rest_route=%2Fwp%2Fv2%2Fmedia&parent=1869"}],"wp:term":[{"taxonomy":"category","embeddable":true,"href":"https:\/\/contandohistorias.com.br\/index.php?rest_route=%2Fwp%2Fv2%2Fcategories&post=1869"},{"taxonomy":"post_tag","embeddable":true,"href":"https:\/\/contandohistorias.com.br\/index.php?rest_route=%2Fwp%2Fv2%2Ftags&post=1869"}],"curies":[{"name":"wp","href":"https:\/\/api.w.org\/{rel}","templated":true}]}}