{"id":1906,"date":"2024-09-11T21:49:04","date_gmt":"2024-09-12T00:49:04","guid":{"rendered":"https:\/\/new.contandohistorias.com.br\/?p=1906"},"modified":"2024-09-11T21:49:08","modified_gmt":"2024-09-12T00:49:08","slug":"sexto-sentido","status":"publish","type":"post","link":"https:\/\/contandohistorias.com.br\/?p=1906","title":{"rendered":"Sexto Sentido"},"content":{"rendered":"\n<figure class=\"wp-block-embed is-type-rich is-provider-incorporar-manipulador wp-block-embed-incorporar-manipulador\"><div class=\"wp-block-embed__wrapper\">\n<audio class=\"wp-audio-shortcode\" id=\"audio-1906-1\" preload=\"none\" style=\"width: 100%;\" controls=\"controls\"><source type=\"audio\/mpeg\" src=\"https:\/\/www.contandohistorias.com.br\/mp3\/2006479.mp3?_=1\" \/><a href=\"https:\/\/www.contandohistorias.com.br\/mp3\/2006479.mp3\">https:\/\/www.contandohistorias.com.br\/mp3\/2006479.mp3<\/a><\/audio>\n<\/div><\/figure>\n\n\n\n<p>Aquela voz interna sussurra, insistente dizendo: &#8220;N\u00e3o v\u00e1, n\u00e3o v\u00e1&#8230;&#8221; Espont\u00e2nea, surge com a rapidez de um raio. Seguro, voc\u00ea n\u00e3o tem d\u00favida de nada. Sua clara certeza, por\u00e9m, n\u00e3o se alicer\u00e7a no racioc\u00ednio l\u00f3gico &#8211; pelo contr\u00e1rio, muitas vezes entra em choque direto com ele.<\/p>\n\n\n\n<p>A impress\u00e3o \u00e9 que esse chamado vem da parte mais profunda do ser, de um plano diferente das sensa\u00e7\u00f5es fornecidas pelos cinco outros sentidos. Mas, por n\u00e3o saber exatamente onde localiz\u00e1-lo ou como funciona, o chamamos simplesmente de sexto sentido.<\/p>\n\n\n\n<p>Intui\u00e7\u00e3o e sexto sentido s\u00e3o quase sin\u00f4nimos. Pode-se dizer que a intui\u00e7\u00e3o faz parte do sexto sentido, que inclui tamb\u00e9m premoni\u00e7\u00e3o (capacidade de ver imagens do tempo futuro) ou mesmo a percep\u00e7\u00e3o de planos invis\u00edveis ao olhar comum (vid\u00eancia).<\/p>\n\n\n\n<p>&#8220;Quando um avi\u00e3o est\u00e1 em v\u00f4o, fica 95% do tempo fora da rota. O que o comandante faz \u00e9 ir ajustando e corrigindo a dire\u00e7\u00e3o da aeronave, conforme o plano de v\u00f4o. N\u00f3s tamb\u00e9m temos uma rota, um plano para essa vida. A intui\u00e7\u00e3o \u00e9 o primeiro sinal que surge para apontar o caminho que est\u00e1 mais de acordo com nosso destino&#8221;.<\/p>\n\n\n\n<p>Para ouvir melhor esses sinais, \u00e9 preciso tranq\u00fcilizar a mente, recolher os sentidos.<\/p>\n\n\n\n<p>Temos muitas vozes internas, que abafam nossa intui\u00e7\u00e3o. \u00c9 preciso ficar em sil\u00eancio para reconhecer nossa voz interior, sintoniz\u00e1-la com nitidez. Medita\u00e7\u00e3o e momentos para ficar sozinho e em sil\u00eancio ajudam muito.<\/p>\n\n\n\n<p>Mas existem outras t\u00e9cnicas. Uma delas \u00e9 colocar em agendas ou no computador tudo o que nos preocupa. \u00c9 como ter um arquivo fora da mente, que fica mais livre e vazia. Assim podemos seguir com mais facilidade os caminhos sugeridos pela intui\u00e7\u00e3o &#8211; o verdadeiro nome da nossa sabedoria interior.<\/p>\n","protected":false},"excerpt":{"rendered":"<p>Aquela voz interna sussurra, insistente dizendo: &#8220;N\u00e3o v\u00e1, n\u00e3o v\u00e1&#8230;&#8221; Espont\u00e2nea, surge com a rapidez de um raio. Seguro, voc\u00ea n\u00e3o tem d\u00favida de nada. Sua clara certeza, por\u00e9m, n\u00e3o se alicer\u00e7a no racioc\u00ednio l\u00f3gico &#8211; pelo contr\u00e1rio, muitas vezes entra em choque direto com ele. A impress\u00e3o \u00e9 que esse chamado vem da parte [&hellip;]<\/p>\n","protected":false},"author":1,"featured_media":0,"comment_status":"closed","ping_status":"closed","sticky":false,"template":"","format":"standard","meta":{"_uag_custom_page_level_css":"","footnotes":""},"categories":[4],"tags":[],"class_list":["post-1906","post","type-post","status-publish","format-standard","hentry","category-historias","post-preview"],"uagb_featured_image_src":{"full":false,"thumbnail":false,"medium":false,"medium_large":false,"large":false,"1536x1536":false,"2048x2048":false,"post-image":false},"uagb_author_info":{"display_name":"Rubens","author_link":"https:\/\/contandohistorias.com.br\/?author=1"},"uagb_comment_info":0,"uagb_excerpt":"Aquela voz interna sussurra, insistente dizendo: &#8220;N\u00e3o v\u00e1, n\u00e3o v\u00e1&#8230;&#8221; Espont\u00e2nea, surge com a rapidez de um raio. Seguro, voc\u00ea n\u00e3o tem d\u00favida de nada. Sua clara certeza, por\u00e9m, n\u00e3o se alicer\u00e7a no racioc\u00ednio l\u00f3gico &#8211; pelo contr\u00e1rio, muitas vezes entra em choque direto com ele. A impress\u00e3o \u00e9 que esse chamado vem da parte&hellip;","_links":{"self":[{"href":"https:\/\/contandohistorias.com.br\/index.php?rest_route=\/wp\/v2\/posts\/1906","targetHints":{"allow":["GET"]}}],"collection":[{"href":"https:\/\/contandohistorias.com.br\/index.php?rest_route=\/wp\/v2\/posts"}],"about":[{"href":"https:\/\/contandohistorias.com.br\/index.php?rest_route=\/wp\/v2\/types\/post"}],"author":[{"embeddable":true,"href":"https:\/\/contandohistorias.com.br\/index.php?rest_route=\/wp\/v2\/users\/1"}],"replies":[{"embeddable":true,"href":"https:\/\/contandohistorias.com.br\/index.php?rest_route=%2Fwp%2Fv2%2Fcomments&post=1906"}],"version-history":[{"count":1,"href":"https:\/\/contandohistorias.com.br\/index.php?rest_route=\/wp\/v2\/posts\/1906\/revisions"}],"predecessor-version":[{"id":1907,"href":"https:\/\/contandohistorias.com.br\/index.php?rest_route=\/wp\/v2\/posts\/1906\/revisions\/1907"}],"wp:attachment":[{"href":"https:\/\/contandohistorias.com.br\/index.php?rest_route=%2Fwp%2Fv2%2Fmedia&parent=1906"}],"wp:term":[{"taxonomy":"category","embeddable":true,"href":"https:\/\/contandohistorias.com.br\/index.php?rest_route=%2Fwp%2Fv2%2Fcategories&post=1906"},{"taxonomy":"post_tag","embeddable":true,"href":"https:\/\/contandohistorias.com.br\/index.php?rest_route=%2Fwp%2Fv2%2Ftags&post=1906"}],"curies":[{"name":"wp","href":"https:\/\/api.w.org\/{rel}","templated":true}]}}