{"id":1928,"date":"2024-09-11T21:54:15","date_gmt":"2024-09-12T00:54:15","guid":{"rendered":"https:\/\/new.contandohistorias.com.br\/?p=1928"},"modified":"2024-09-11T21:54:19","modified_gmt":"2024-09-12T00:54:19","slug":"sonho-e-pensamento","status":"publish","type":"post","link":"https:\/\/contandohistorias.com.br\/?p=1928","title":{"rendered":"Sonho e Pensamento"},"content":{"rendered":"\n<figure class=\"wp-block-embed is-type-rich is-provider-incorporar-manipulador wp-block-embed-incorporar-manipulador\"><div class=\"wp-block-embed__wrapper\">\n<audio class=\"wp-audio-shortcode\" id=\"audio-1928-1\" preload=\"none\" style=\"width: 100%;\" controls=\"controls\"><source type=\"audio\/mpeg\" src=\"https:\/\/www.contandohistorias.com.br\/mp3\/2004294.mp3?_=1\" \/><a href=\"https:\/\/www.contandohistorias.com.br\/mp3\/2004294.mp3\">https:\/\/www.contandohistorias.com.br\/mp3\/2004294.mp3<\/a><\/audio>\n<\/div><\/figure>\n\n\n\n<p><em>Autran Dourado<\/em><\/p>\n\n\n\n<p>Nenhum sonho \u00e9 imposs\u00edvel,<br>o pensamento nasce de um sonho,<br>o sonho \u00e9 um pensamento<br>que ainda n\u00e3o encontrou a sua forma.<\/p>\n","protected":false},"excerpt":{"rendered":"<p>Autran Dourado Nenhum sonho \u00e9 imposs\u00edvel,o pensamento nasce de um sonho,o sonho \u00e9 um pensamentoque ainda n\u00e3o encontrou a sua forma.<\/p>\n","protected":false},"author":1,"featured_media":0,"comment_status":"closed","ping_status":"closed","sticky":false,"template":"","format":"standard","meta":{"_uag_custom_page_level_css":"","footnotes":""},"categories":[4],"tags":[],"class_list":["post-1928","post","type-post","status-publish","format-standard","hentry","category-historias","post-preview"],"uagb_featured_image_src":{"full":false,"thumbnail":false,"medium":false,"medium_large":false,"large":false,"1536x1536":false,"2048x2048":false,"post-image":false},"uagb_author_info":{"display_name":"Rubens","author_link":"https:\/\/contandohistorias.com.br\/?author=1"},"uagb_comment_info":0,"uagb_excerpt":"Autran Dourado Nenhum sonho \u00e9 imposs\u00edvel,o pensamento nasce de um sonho,o sonho \u00e9 um pensamentoque ainda n\u00e3o encontrou a sua forma.","_links":{"self":[{"href":"https:\/\/contandohistorias.com.br\/index.php?rest_route=\/wp\/v2\/posts\/1928","targetHints":{"allow":["GET"]}}],"collection":[{"href":"https:\/\/contandohistorias.com.br\/index.php?rest_route=\/wp\/v2\/posts"}],"about":[{"href":"https:\/\/contandohistorias.com.br\/index.php?rest_route=\/wp\/v2\/types\/post"}],"author":[{"embeddable":true,"href":"https:\/\/contandohistorias.com.br\/index.php?rest_route=\/wp\/v2\/users\/1"}],"replies":[{"embeddable":true,"href":"https:\/\/contandohistorias.com.br\/index.php?rest_route=%2Fwp%2Fv2%2Fcomments&post=1928"}],"version-history":[{"count":1,"href":"https:\/\/contandohistorias.com.br\/index.php?rest_route=\/wp\/v2\/posts\/1928\/revisions"}],"predecessor-version":[{"id":1929,"href":"https:\/\/contandohistorias.com.br\/index.php?rest_route=\/wp\/v2\/posts\/1928\/revisions\/1929"}],"wp:attachment":[{"href":"https:\/\/contandohistorias.com.br\/index.php?rest_route=%2Fwp%2Fv2%2Fmedia&parent=1928"}],"wp:term":[{"taxonomy":"category","embeddable":true,"href":"https:\/\/contandohistorias.com.br\/index.php?rest_route=%2Fwp%2Fv2%2Fcategories&post=1928"},{"taxonomy":"post_tag","embeddable":true,"href":"https:\/\/contandohistorias.com.br\/index.php?rest_route=%2Fwp%2Fv2%2Ftags&post=1928"}],"curies":[{"name":"wp","href":"https:\/\/api.w.org\/{rel}","templated":true}]}}