{"id":2012,"date":"2024-09-12T21:29:17","date_gmt":"2024-09-13T00:29:17","guid":{"rendered":"https:\/\/new.contandohistorias.com.br\/?p=2012"},"modified":"2024-09-12T21:29:21","modified_gmt":"2024-09-13T00:29:21","slug":"tratar-como-irmao","status":"publish","type":"post","link":"https:\/\/contandohistorias.com.br\/?p=2012","title":{"rendered":"Tratar como irm\u00e3o"},"content":{"rendered":"\n<figure class=\"wp-block-embed is-type-rich is-provider-incorporar-manipulador wp-block-embed-incorporar-manipulador\"><div class=\"wp-block-embed__wrapper\">\n<audio class=\"wp-audio-shortcode\" id=\"audio-2012-1\" preload=\"none\" style=\"width: 100%;\" controls=\"controls\"><source type=\"audio\/mpeg\" src=\"https:\/\/www.contandohistorias.com.br\/mp3\/2006384.mp3?_=1\" \/><a href=\"https:\/\/www.contandohistorias.com.br\/mp3\/2006384.mp3\">https:\/\/www.contandohistorias.com.br\/mp3\/2006384.mp3<\/a><\/audio>\n<\/div><\/figure>\n\n\n\n<p><em>Reda\u00e7\u00e3o do Momento Esp\u00edrita.<\/em><\/p>\n\n\n\n<p>Ela sempre estacionava o carro na mesma vaga.<\/p>\n\n\n\n<p>O guardador, sorridente, educado, sempre a cumprimentava.<\/p>\n\n\n\n<p>Por vezes falavam rapidamente, ela perguntava como estava a fam\u00edlia, ele respondia. Contava um ou outro problema de sa\u00fade que enfrentava.<\/p>\n\n\n\n<p>Por outras vezes comentavam sobre algumas amenidades, sobre o frio, o calor, sobre o perigo da cidade grande, etc.<\/p>\n\n\n\n<p>Ele morava num bairro distante da regi\u00e3o metropolitana. Certamente numa casa muito simples . quase uma favela.<\/p>\n\n\n\n<p>Naquele dia ela estava preocupada com ele. Estava muito frio.<\/p>\n\n\n\n<p>Ela lembrou que a vida dela n\u00e3o era f\u00e1cil, que vinha de muitas dificuldades recentes, mas pensou na vida dele, e que ela deveria ser bem mais complicada.<\/p>\n\n\n\n<p>Nem sempre podia lhe dar algum dinheiro. Dos 5 dias da semana, em m\u00e9dia, uma ou duas vezes ela conseguia lhe dar algumas moedas &#8211; pensou.<\/p>\n\n\n\n<p>Sabia que ele precisava. Que aquele era seu trabalho digno. Que dali vinha o alimento de seus filhos.<\/p>\n\n\n\n<p>Ela queria poder dar mais. E ele merecia, pois sempre guardava uma vaga especial para ela, sem ela pedir, sem ela merecer . pensava.<\/p>\n\n\n\n<p>Com o cora\u00e7\u00e3o um pouco apertado, ent\u00e3o, resolveu dizer naquele dia:<\/p>\n\n\n\n<p>Olha&#8230; Sei que nem sempre lhe dou alguma coisa. Queria poder dar mais, dar sempre, mas, sabe&#8230; N\u00e3o consigo mesmo.<\/p>\n\n\n\n<p>Sei que voc\u00ea \u00e9 um trabalhador, uma pessoa gentil e educada, e que mesmo eu dando t\u00e3o pouco, sempre guarda a vaga para mim.<\/p>\n\n\n\n<p>J\u00e1 vi que existem pessoas que estacionam sempre aqui, que lhe d\u00e3o sempre um ou at\u00e9 dois reais por vez, mas, eu realmente n\u00e3o consigo . disse ela um tanto embara\u00e7ada.<\/p>\n\n\n\n<p>Ele ent\u00e3o respondeu, com franqueza e simplicidade:<\/p>\n\n\n\n<p>Dona, olha, eu n\u00e3o guardo sua vaga porque a senhora me d\u00e1 algum dinheiro, n\u00e3o. Eu preciso de dinheiro, sim, mas n\u00e3o \u00e9 por isso.<\/p>\n\n\n\n<p>\u00c9 que a senhora \u00e9 a \u00fanica pessoa que fala comigo, que me d\u00e1 aten\u00e7\u00e3o, que me trata como irm\u00e3o.<\/p>\n\n\n\n<p>Ela calou ao ouvir estas palavras. Sorriu para ele, timidamente, e disse, se despedindo: Ent\u00e3o, t\u00e1 bom.<\/p>\n\n\n\n<p>Foi para o trabalho pensando no que ouvira. Ela nunca havia pensado nisso.<\/p>\n\n\n\n<p>Mas ser\u00e1 que ningu\u00e9m mais fala com ele? Falo t\u00e3o rapidamente, sobre coisas corriqueiras, nada de mais importante&#8230;<\/p>\n\n\n\n<p>Nossa&#8230; Ser\u00e1 que as pessoas o ignoram? Mesmo o encontrando todos os dias como eu?<\/p>\n\n\n\n<p>Aqueles pensamentos ficaram em sua mente, flutuando o dia todo.<\/p>\n\n\n\n<p>Percebeu que poderia dar algo muito mais importante que as moedas, que o &#8220;trocado&#8221; de sempre.<\/p>\n\n\n\n<p>Caridade n\u00e3o significa apenas doa\u00e7\u00e3o material.<\/p>\n\n\n\n<p>Em verdade, a filantropia \u00e9 apenas uma pequena por\u00e7\u00e3o do mundo da caridade verdadeira.<\/p>\n\n\n\n<p>Vivemos num Mundo, num pa\u00eds, onde ainda h\u00e1 necessidade da ajuda material urgente, sim, mas precisamos entender que n\u00e3o \u00e9 apenas isso.<\/p>\n\n\n\n<p>As pessoas precisam de aux\u00edlio em outras \u00e1reas. As pessoas precisam de aten\u00e7\u00e3o, de amizade, de algu\u00e9m que lhes d\u00ea carinho.<\/p>\n\n\n\n<p>O alimento da alma fortalece o ser, e assim ele se torna mais apto e preparado para buscar a subsist\u00eancia material.<\/p>\n\n\n\n<p>Pense nisso.<\/p>\n\n\n\n<p><em>Colabora\u00e7\u00e3o de Maria Jacinta N. Silva<\/em><\/p>\n","protected":false},"excerpt":{"rendered":"<p>Reda\u00e7\u00e3o do Momento Esp\u00edrita. Ela sempre estacionava o carro na mesma vaga. O guardador, sorridente, educado, sempre a cumprimentava. Por vezes falavam rapidamente, ela perguntava como estava a fam\u00edlia, ele respondia. Contava um ou outro problema de sa\u00fade que enfrentava. Por outras vezes comentavam sobre algumas amenidades, sobre o frio, o calor, sobre o perigo [&hellip;]<\/p>\n","protected":false},"author":1,"featured_media":0,"comment_status":"closed","ping_status":"closed","sticky":false,"template":"","format":"standard","meta":{"_uag_custom_page_level_css":"","footnotes":""},"categories":[4],"tags":[],"class_list":["post-2012","post","type-post","status-publish","format-standard","hentry","category-historias","post-preview"],"uagb_featured_image_src":{"full":false,"thumbnail":false,"medium":false,"medium_large":false,"large":false,"1536x1536":false,"2048x2048":false,"post-image":false},"uagb_author_info":{"display_name":"Rubens","author_link":"https:\/\/contandohistorias.com.br\/?author=1"},"uagb_comment_info":0,"uagb_excerpt":"Reda\u00e7\u00e3o do Momento Esp\u00edrita. Ela sempre estacionava o carro na mesma vaga. O guardador, sorridente, educado, sempre a cumprimentava. Por vezes falavam rapidamente, ela perguntava como estava a fam\u00edlia, ele respondia. Contava um ou outro problema de sa\u00fade que enfrentava. Por outras vezes comentavam sobre algumas amenidades, sobre o frio, o calor, sobre o perigo&hellip;","_links":{"self":[{"href":"https:\/\/contandohistorias.com.br\/index.php?rest_route=\/wp\/v2\/posts\/2012","targetHints":{"allow":["GET"]}}],"collection":[{"href":"https:\/\/contandohistorias.com.br\/index.php?rest_route=\/wp\/v2\/posts"}],"about":[{"href":"https:\/\/contandohistorias.com.br\/index.php?rest_route=\/wp\/v2\/types\/post"}],"author":[{"embeddable":true,"href":"https:\/\/contandohistorias.com.br\/index.php?rest_route=\/wp\/v2\/users\/1"}],"replies":[{"embeddable":true,"href":"https:\/\/contandohistorias.com.br\/index.php?rest_route=%2Fwp%2Fv2%2Fcomments&post=2012"}],"version-history":[{"count":1,"href":"https:\/\/contandohistorias.com.br\/index.php?rest_route=\/wp\/v2\/posts\/2012\/revisions"}],"predecessor-version":[{"id":2013,"href":"https:\/\/contandohistorias.com.br\/index.php?rest_route=\/wp\/v2\/posts\/2012\/revisions\/2013"}],"wp:attachment":[{"href":"https:\/\/contandohistorias.com.br\/index.php?rest_route=%2Fwp%2Fv2%2Fmedia&parent=2012"}],"wp:term":[{"taxonomy":"category","embeddable":true,"href":"https:\/\/contandohistorias.com.br\/index.php?rest_route=%2Fwp%2Fv2%2Fcategories&post=2012"},{"taxonomy":"post_tag","embeddable":true,"href":"https:\/\/contandohistorias.com.br\/index.php?rest_route=%2Fwp%2Fv2%2Ftags&post=2012"}],"curies":[{"name":"wp","href":"https:\/\/api.w.org\/{rel}","templated":true}]}}