{"id":2014,"date":"2024-09-12T21:29:45","date_gmt":"2024-09-13T00:29:45","guid":{"rendered":"https:\/\/new.contandohistorias.com.br\/?p=2014"},"modified":"2024-09-12T21:29:48","modified_gmt":"2024-09-13T00:29:48","slug":"trem-da-vida","status":"publish","type":"post","link":"https:\/\/contandohistorias.com.br\/?p=2014","title":{"rendered":"Trem da Vida"},"content":{"rendered":"\n<figure class=\"wp-block-embed is-type-rich is-provider-incorporar-manipulador wp-block-embed-incorporar-manipulador\"><div class=\"wp-block-embed__wrapper\">\n<audio class=\"wp-audio-shortcode\" id=\"audio-2014-1\" preload=\"none\" style=\"width: 100%;\" controls=\"controls\"><source type=\"audio\/mpeg\" src=\"https:\/\/www.contandohistorias.com.br\/mp3\/2004396.mp3?_=1\" \/><a href=\"https:\/\/www.contandohistorias.com.br\/mp3\/2004396.mp3\">https:\/\/www.contandohistorias.com.br\/mp3\/2004396.mp3<\/a><\/audio>\n<\/div><\/figure>\n\n\n\n<p>H\u00e1 algum tempo, li um livro que comparava a vida como a uma viagem de trem.<\/p>\n\n\n\n<p>Quando nascemos, entramos nesse trem e nos deparamos com algumas pessoas que julgamos, estar\u00e3o sempre nessa viagem conosco : nossos pais.<\/p>\n\n\n\n<p>Infelizmente, isso n\u00e3o \u00e9 verdade; em alguma esta\u00e7\u00e3o eles descer\u00e3o e nos deixar\u00e3o \u00f3rf\u00e3os de seu carinho, amizade e companhia insubstitu\u00edveis&#8230;<\/p>\n\n\n\n<p>Mas isso n\u00e3o impede que, durante a viagem pessoas interessantes, e que vir\u00e3o a ser super especiais para n\u00f3s, embarquem.<\/p>\n\n\n\n<p>Chegam nossos irm\u00e3os, amigos e amores maravilhosos !<\/p>\n\n\n\n<p>Muitas pessoas tomam esse trem, apenas a passeio.<\/p>\n\n\n\n<p>Outros encontram nessa viagem, somente tristezas.<\/p>\n\n\n\n<p>Ainda outros circular\u00e3o pelo trem, prontos para ajudar a quem precisa.<\/p>\n\n\n\n<p>Muitos descem e deixam saudades eternas, outros tantos passam por ele de uma forma que, quando desocupam seu acento, ningu\u00e9m nem sequer percebe.<\/p>\n\n\n\n<p>Curioso \u00e9 constatar que alguns passageiros, que nos s\u00e3o t\u00e3o caros, acomodam-se em vag\u00f5es diferentes dos nossos; portanto, somos obrigados a fazer esse trajeto separados deles, o que n\u00e3o impede, \u00e9 claro, que durante o trajeto, atravessemos com grande dificuldade nosso vag\u00e3o e cheguemos at\u00e9 eles&#8230;<\/p>\n\n\n\n<p>S\u00f3 que, infelizmente, jamais poderemos sentar ao seu lado, pois j\u00e1 ter\u00e1 algu\u00e9m ocupando esse lugar.<\/p>\n\n\n\n<p>N\u00e3o importa, \u00e9 assim a viagem: cheia de atropelos, sonhos, fantasias, esperas, despedidas&#8230;<\/p>\n\n\n\n<p>Por\u00e9m, jamais retornos.<\/p>\n\n\n\n<p>Fa\u00e7amos essa viagem, ent\u00e3o da melhor maneira poss\u00edvel, tentando nos relacionar bem com todos os passageiros, procurando em cada um deles, o que tiverem de melhor; lembrando sempre que, em algum momento do trajeto, eles poder\u00e3o fraquejar e provavelmente, precisaremos entender isso, porque n\u00f3s tamb\u00e9m fraquejaremos muitas vezes e com certeza, haver\u00e1 algu\u00e9m que nos entender\u00e1.<\/p>\n\n\n\n<p>O grande mist\u00e9rio, afinal, \u00e9 que jamais saberemos em qual parada desceremos, muito menos nossos companheiros, nem menos aquele que est\u00e1 sentado ao nosso lado.<\/p>\n\n\n\n<p>Fico pensando, se quando descer desse trem, sentirei saudades&#8230;<\/p>\n\n\n\n<p>Acredito que sim; separar-me de alguns amigos que fiz nessa viagem, deixar meus filhos continuarem a viagem sozinhos.<\/p>\n\n\n\n<p>Mas me agarro na esperan\u00e7a de que, em algum momento, estarei na esta\u00e7\u00e3o principal e terei a grande emo\u00e7\u00e3o de v\u00ea-los chegar com uma bagagem que n\u00e3o tinham quando embarcaram&#8230;<\/p>\n\n\n\n<p>E o que vai deixar-me feliz &#8230;&#8230;&#8230;.. Ser\u00e1 saber que eu colaborei para isso.<\/p>\n\n\n\n<p><em>Colabora\u00e7\u00e3o: Renato Antunes Oliveira<\/em><\/p>\n","protected":false},"excerpt":{"rendered":"<p>H\u00e1 algum tempo, li um livro que comparava a vida como a uma viagem de trem. Quando nascemos, entramos nesse trem e nos deparamos com algumas pessoas que julgamos, estar\u00e3o sempre nessa viagem conosco : nossos pais. Infelizmente, isso n\u00e3o \u00e9 verdade; em alguma esta\u00e7\u00e3o eles descer\u00e3o e nos deixar\u00e3o \u00f3rf\u00e3os de seu carinho, amizade [&hellip;]<\/p>\n","protected":false},"author":1,"featured_media":0,"comment_status":"closed","ping_status":"closed","sticky":false,"template":"","format":"standard","meta":{"_uag_custom_page_level_css":"","footnotes":""},"categories":[4],"tags":[],"class_list":["post-2014","post","type-post","status-publish","format-standard","hentry","category-historias","post-preview"],"uagb_featured_image_src":{"full":false,"thumbnail":false,"medium":false,"medium_large":false,"large":false,"1536x1536":false,"2048x2048":false,"post-image":false},"uagb_author_info":{"display_name":"Rubens","author_link":"https:\/\/contandohistorias.com.br\/?author=1"},"uagb_comment_info":0,"uagb_excerpt":"H\u00e1 algum tempo, li um livro que comparava a vida como a uma viagem de trem. Quando nascemos, entramos nesse trem e nos deparamos com algumas pessoas que julgamos, estar\u00e3o sempre nessa viagem conosco : nossos pais. Infelizmente, isso n\u00e3o \u00e9 verdade; em alguma esta\u00e7\u00e3o eles descer\u00e3o e nos deixar\u00e3o \u00f3rf\u00e3os de seu carinho, amizade&hellip;","_links":{"self":[{"href":"https:\/\/contandohistorias.com.br\/index.php?rest_route=\/wp\/v2\/posts\/2014","targetHints":{"allow":["GET"]}}],"collection":[{"href":"https:\/\/contandohistorias.com.br\/index.php?rest_route=\/wp\/v2\/posts"}],"about":[{"href":"https:\/\/contandohistorias.com.br\/index.php?rest_route=\/wp\/v2\/types\/post"}],"author":[{"embeddable":true,"href":"https:\/\/contandohistorias.com.br\/index.php?rest_route=\/wp\/v2\/users\/1"}],"replies":[{"embeddable":true,"href":"https:\/\/contandohistorias.com.br\/index.php?rest_route=%2Fwp%2Fv2%2Fcomments&post=2014"}],"version-history":[{"count":1,"href":"https:\/\/contandohistorias.com.br\/index.php?rest_route=\/wp\/v2\/posts\/2014\/revisions"}],"predecessor-version":[{"id":2015,"href":"https:\/\/contandohistorias.com.br\/index.php?rest_route=\/wp\/v2\/posts\/2014\/revisions\/2015"}],"wp:attachment":[{"href":"https:\/\/contandohistorias.com.br\/index.php?rest_route=%2Fwp%2Fv2%2Fmedia&parent=2014"}],"wp:term":[{"taxonomy":"category","embeddable":true,"href":"https:\/\/contandohistorias.com.br\/index.php?rest_route=%2Fwp%2Fv2%2Fcategories&post=2014"},{"taxonomy":"post_tag","embeddable":true,"href":"https:\/\/contandohistorias.com.br\/index.php?rest_route=%2Fwp%2Fv2%2Ftags&post=2014"}],"curies":[{"name":"wp","href":"https:\/\/api.w.org\/{rel}","templated":true}]}}