{"id":205,"date":"2024-08-09T22:48:25","date_gmt":"2024-08-10T01:48:25","guid":{"rendered":"https:\/\/new.contandohistorias.com.br\/?p=205"},"modified":"2024-08-09T22:48:31","modified_gmt":"2024-08-10T01:48:31","slug":"definicao-de-saudade","status":"publish","type":"post","link":"https:\/\/contandohistorias.com.br\/?p=205","title":{"rendered":"Defini\u00e7\u00e3o de saudade"},"content":{"rendered":"\n<p><strong><em>Dr. Rog\u00e9rio Brand\u00e3o {M\u00e9dico oncologista}<\/em><\/strong><\/p>\n\n\n\n<figure class=\"wp-block-embed is-type-rich is-provider-incorporar-manipulador wp-block-embed-incorporar-manipulador\"><div class=\"wp-block-embed__wrapper\">\n<audio class=\"wp-audio-shortcode\" id=\"audio-205-1\" preload=\"none\" style=\"width: 100%;\" controls=\"controls\"><source type=\"audio\/mpeg\" src=\"https:\/\/www.contandohistorias.com.br\/mp3\/2006685.mp3?_=1\" \/><a href=\"https:\/\/www.contandohistorias.com.br\/mp3\/2006685.mp3\">https:\/\/www.contandohistorias.com.br\/mp3\/2006685.mp3<\/a><\/audio>\n<\/div><\/figure>\n\n\n\n<p>Como m\u00e9dico cancerologista, j\u00e1 calejado com longos 29 anos de atua\u00e7\u00e3o profissional (&#8230;) posso afirmar que cresci e modifiquei-me com os dramas vivenciados pelos meus pacientes. N\u00e3o conhecemos nossa verdadeira dimens\u00e3o at\u00e9 que, pegos pela adversidade, descobrimos que somos capazes de ir muito mais al\u00e9m.<\/p>\n\n\n\n<p>Recordo-me com emo\u00e7\u00e3o do Hospital do C\u00e2ncer de Pernambuco, onde dei meus primeiros passos como profissional&#8230; Comecei a frequentar a enfermaria infantil e apaixonei-me pela oncopediatria. Vivenciei os dramas dos meus pacientes, crian\u00e7as v\u00edtimas inocentes do c\u00e2ncer. Com o nascimento da minha primeira filha, comecei a me acovardar ao ver o sofrimento das crian\u00e7as.<\/p>\n\n\n\n<p>At\u00e9 o dia em que um anjo passou por mim! Meu anjo veio na forma de uma crian\u00e7a j\u00e1 com 11 anos, calejada por dois longos anos de tratamentos diversos, manipula\u00e7\u00f5es, inje\u00e7\u00f5es e todos os desconfortos trazidos pelos programas de quimios e radioterapias. Mas nunca vi o pequeno anjo fraquejar. Vi-a chorar muitas vezes; tamb\u00e9m vi medo em seus olhinhos; por\u00e9m, isso \u00e9 humano!<\/p>\n\n\n\n<p>Um dia, cheguei ao hospital cedinho e encontrei meu anjo sozinha no quarto. Perguntei pela m\u00e3e. A resposta que recebi, ainda hoje, n\u00e3o consigo contar sem vivenciar profunda emo\u00e7\u00e3o.<\/p>\n\n\n\n<p>\u2014 Tio, disse-me ela, \u00e0s vezes minha m\u00e3e sai do quarto para chorar escondido nos corredores&#8230; Quando eu morrer, acho que ela vai ficar com muita saudade. Mas, eu n\u00e3o tenho medo de morrer, tio. Eu n\u00e3o nasci para esta vida!<\/p>\n\n\n\n<p>Indaguei:<\/p>\n\n\n\n<p>\u2014 E o que morte representa para voc\u00ea, minha querida?<\/p>\n\n\n\n<p>\u2014 Olha tio, quando a gente \u00e9 pequena, \u00e0s vezes, vamos dormir na cama do nosso pai e, no outro dia, acordamos em nossa pr\u00f3pria cama, n\u00e3o \u00e9?<\/p>\n\n\n\n<p>(Lembrei das minhas filhas, na \u00e9poca crian\u00e7as de 6 e 2 anos, com elas, eu procedia exatamente assim.)<\/p>\n\n\n\n<p>\u2014 \u00c9 isso mesmo.<\/p>\n\n\n\n<p>\u2014 Um dia eu vou dormir e o meu Pai vem me buscar. Vou acordar na casa Dele, na minha vida verdadeira!<\/p>\n\n\n\n<p>Fiquei &#8220;entupigaitado&#8221;, n\u00e3o sabia o que dizer. Chocado com a maturidade com que o sofrimento acelerou, a vis\u00e3o e a espiritualidade daquela crian\u00e7a.<\/p>\n\n\n\n<p>\u2014 E minha m\u00e3e vai ficar com saudades ? emendou ela.<\/p>\n\n\n\n<p>Emocionado, contendo uma l\u00e1grima e um solu\u00e7o, perguntei:<\/p>\n\n\n\n<p>\u2014 E o que saudade significa para voc\u00ea, minha querida?<\/p>\n\n\n\n<p>\u2014 Saudade \u00e9 o amor que fica!<\/p>\n\n\n\n<p>Hoje, aos 53 anos de idade, desafio qualquer um a dar uma defini\u00e7\u00e3o melhor, mais direta e simples para a palavra saudade: \u00c9 O AMOR QUE FICA!<\/p>\n\n\n\n<p>ATITUDE \u00c9:<\/p>\n\n\n\n<ul class=\"wp-block-list\">\n<li>Seja mais humano e agrad\u00e1vel com as pessoas.<\/li>\n\n\n\n<li>Cada uma das pessoas com quem voc\u00ea convive est\u00e1 travando algum tipo de batalha.<\/li>\n\n\n\n<li>Viva com simplicidade.<\/li>\n\n\n\n<li>Ame generosamente.<\/li>\n\n\n\n<li>Cuide-se intensamente.<\/li>\n\n\n\n<li>Fale com gentileza.<\/li>\n\n\n\n<li>E, principalmente, N\u00c3O RECLAME!<\/li>\n<\/ul>\n\n\n\n<p>Viva em harmonia com tudo e todos!!!<\/p>\n","protected":false},"excerpt":{"rendered":"<p>Dr. Rog\u00e9rio Brand\u00e3o {M\u00e9dico oncologista} Como m\u00e9dico cancerologista, j\u00e1 calejado com longos 29 anos de atua\u00e7\u00e3o profissional (&#8230;) posso afirmar que cresci e modifiquei-me com os dramas vivenciados pelos meus pacientes. N\u00e3o conhecemos nossa verdadeira dimens\u00e3o at\u00e9 que, pegos pela adversidade, descobrimos que somos capazes de ir muito mais al\u00e9m. Recordo-me com emo\u00e7\u00e3o do Hospital [&hellip;]<\/p>\n","protected":false},"author":1,"featured_media":0,"comment_status":"open","ping_status":"open","sticky":false,"template":"","format":"standard","meta":{"_uag_custom_page_level_css":"","footnotes":""},"categories":[4],"tags":[],"class_list":["post-205","post","type-post","status-publish","format-standard","hentry","category-historias","post-preview"],"uagb_featured_image_src":{"full":false,"thumbnail":false,"medium":false,"medium_large":false,"large":false,"1536x1536":false,"2048x2048":false,"post-image":false},"uagb_author_info":{"display_name":"Rubens","author_link":"https:\/\/contandohistorias.com.br\/?author=1"},"uagb_comment_info":0,"uagb_excerpt":"Dr. Rog\u00e9rio Brand\u00e3o {M\u00e9dico oncologista} Como m\u00e9dico cancerologista, j\u00e1 calejado com longos 29 anos de atua\u00e7\u00e3o profissional (&#8230;) posso afirmar que cresci e modifiquei-me com os dramas vivenciados pelos meus pacientes. N\u00e3o conhecemos nossa verdadeira dimens\u00e3o at\u00e9 que, pegos pela adversidade, descobrimos que somos capazes de ir muito mais al\u00e9m. Recordo-me com emo\u00e7\u00e3o do Hospital&hellip;","_links":{"self":[{"href":"https:\/\/contandohistorias.com.br\/index.php?rest_route=\/wp\/v2\/posts\/205","targetHints":{"allow":["GET"]}}],"collection":[{"href":"https:\/\/contandohistorias.com.br\/index.php?rest_route=\/wp\/v2\/posts"}],"about":[{"href":"https:\/\/contandohistorias.com.br\/index.php?rest_route=\/wp\/v2\/types\/post"}],"author":[{"embeddable":true,"href":"https:\/\/contandohistorias.com.br\/index.php?rest_route=\/wp\/v2\/users\/1"}],"replies":[{"embeddable":true,"href":"https:\/\/contandohistorias.com.br\/index.php?rest_route=%2Fwp%2Fv2%2Fcomments&post=205"}],"version-history":[{"count":1,"href":"https:\/\/contandohistorias.com.br\/index.php?rest_route=\/wp\/v2\/posts\/205\/revisions"}],"predecessor-version":[{"id":206,"href":"https:\/\/contandohistorias.com.br\/index.php?rest_route=\/wp\/v2\/posts\/205\/revisions\/206"}],"wp:attachment":[{"href":"https:\/\/contandohistorias.com.br\/index.php?rest_route=%2Fwp%2Fv2%2Fmedia&parent=205"}],"wp:term":[{"taxonomy":"category","embeddable":true,"href":"https:\/\/contandohistorias.com.br\/index.php?rest_route=%2Fwp%2Fv2%2Fcategories&post=205"},{"taxonomy":"post_tag","embeddable":true,"href":"https:\/\/contandohistorias.com.br\/index.php?rest_route=%2Fwp%2Fv2%2Ftags&post=205"}],"curies":[{"name":"wp","href":"https:\/\/api.w.org\/{rel}","templated":true}]}}