{"id":2281,"date":"2024-11-19T21:06:35","date_gmt":"2024-11-20T00:06:35","guid":{"rendered":"https:\/\/contandohistorias.com.br\/?p=2281"},"modified":"2024-11-19T21:06:40","modified_gmt":"2024-11-20T00:06:40","slug":"o-poder-da-educacao","status":"publish","type":"post","link":"https:\/\/contandohistorias.com.br\/?p=2281","title":{"rendered":"O poder da educa\u00e7\u00e3o"},"content":{"rendered":"\n<p>Conta-se que o legislador Licurgo foi convidado a proferir uma palestra a respeito de educa\u00e7\u00e3o. Aceitou o convite mas pediu, no entanto, o prazo de seis meses para se preparar. O fato causou estranheza, pois todos sabiam que ele tinha capacidade e condi\u00e7\u00f5es de falar a qualquer momento sobre o tema, e por isso o haviam convidado.<\/p>\n\n\n\n<p>Transcorridos os seis meses, compareceu perante a assembl\u00e9ia em expectativa. Postou-se \u00e0 tribuna e logo em seguida entraram dois criados, cada qual portando duas gaiolas. Em cada uma havia um animal, sendo duas lebres e dois c\u00e3es.<\/p>\n\n\n\n<p>A um sinal previamente estabelecido, um dos criados abriu a porta de uma das gaiolas e a pequena lebre, branca, saiu a correr, espantada.<\/p>\n\n\n\n<p>Logo em seguida o outro criado abriu a gaiola em que estava o c\u00e3o e este saiu em desabalada correria ao encal\u00e7o da lebre. Alcan\u00e7ou-a com destreza, trucidando-a rapidamente.<\/p>\n\n\n\n<p>A cena foi grotesca e chocou a todos. Uma grande admira\u00e7\u00e3o tomou conta da assembl\u00e9ia os cora\u00e7\u00f5es pareciam saltar do peito. Ningu\u00e9m conseguia entender o que Licurgo desejava com tal agress\u00e3o. Mesmo assim, ele nada falou.<\/p>\n\n\n\n<p>Tornou a repetir o sinal convencionado e a outra lebre foi libertada. A seguir, o outro c\u00e3o.<\/p>\n\n\n\n<p>O povo mal continha a respira\u00e7\u00e3o. Alguns, mais sens\u00edveis, levaram as m\u00e3os aos olhos para n\u00e3o ver a reprise da morte b\u00e1rbara do indefeso animalzinho que corria e saltava pelo palco. No primeiro instante, o c\u00e3o investiu contra a lebre. Contudo, em vez de abocanh\u00e1-la, bateu-lhe com a pata e ela caiu. Logo a lebre ergueu-se e se p\u00f4s a brincar com o c\u00e3o. Para surpresa de todos, os dois ficaram a demonstrar tranq\u00fcila conviv\u00eancia, saltitando de um lado a outro do palco.<\/p>\n\n\n\n<p>Ent\u00e3o, e somente ent\u00e3o, Licurgo falou:<\/p>\n\n\n\n<p>Senhores, acabais de assistir a uma demonstra\u00e7\u00e3o do que pode a educa\u00e7\u00e3o. Ambas as lebres s\u00e3o filhas da mesma matriz, foram alimentadas igualmente e receberam os mesmos cuidados. Assim, igualmente, os c\u00e3es. A diferen\u00e7a entre os primeiros e os segundos \u00e9, simplesmente, a educa\u00e7\u00e3o.<\/p>\n\n\n\n<p>E prosseguiu vivamente o seu discurso, dizendo das excel\u00eancias do processo educativo.<\/p>\n\n\n\n<p>A educa\u00e7\u00e3o, baseada numa concep\u00e7\u00e3o exata da vida, transformaria a face do mundo.<\/p>\n\n\n\n<p>Eduquemos nossos filhos, esclare\u00e7amos sua intelig\u00eancia, mas, antes de tudo, falemos aos seus cora\u00e7\u00f5es, ensinemos a eles a despojarem-se das suas imperfei\u00e7\u00f5es.<\/p>\n\n\n\n<p>Lembremo-nos de que a sabedoria por excel\u00eancia consiste em nos tornarmos melhores.<\/p>\n\n\n\n<p>Licurgo foi um legislador grego que viveu no s\u00e9culo IV antes de Cristo.<\/p>\n\n\n\n<p>O verbo educar \u00e9 origin\u00e1rio do latim &#8220;educare&#8221; (ou &#8220;educcere&#8221;), e quer dizer &#8220;extrair&#8221;, &#8220;sacar fora&#8221;. Percebe-se, portanto, que a educa\u00e7\u00e3o n\u00e3o se constitui em mero estabelecimento de informa\u00e7\u00f5es, mas sim de se trabalhar as potencialidades interiores do ser, a fim de que flores\u00e7am.<\/p>\n","protected":false},"excerpt":{"rendered":"<p>Conta-se que o legislador Licurgo foi convidado a proferir uma palestra a respeito de educa\u00e7\u00e3o. Aceitou o convite mas pediu, no entanto, o prazo de seis meses para se preparar. O fato causou estranheza, pois todos sabiam que ele tinha capacidade e condi\u00e7\u00f5es de falar a qualquer momento sobre o tema, e por isso o [&hellip;]<\/p>\n","protected":false},"author":1,"featured_media":2282,"comment_status":"closed","ping_status":"closed","sticky":false,"template":"","format":"standard","meta":{"_uag_custom_page_level_css":"","footnotes":""},"categories":[4],"tags":[],"class_list":["post-2281","post","type-post","status-publish","format-standard","has-post-thumbnail","hentry","category-historias","post-preview"],"uagb_featured_image_src":{"full":["https:\/\/contandohistorias.com.br\/wp-content\/uploads\/2024\/11\/the_greek_legislator_Licurgo.webp",1456,816,false],"thumbnail":["https:\/\/contandohistorias.com.br\/wp-content\/uploads\/2024\/11\/the_greek_legislator_Licurgo-150x150.webp",150,150,true],"medium":["https:\/\/contandohistorias.com.br\/wp-content\/uploads\/2024\/11\/the_greek_legislator_Licurgo-300x168.webp",300,168,true],"medium_large":["https:\/\/contandohistorias.com.br\/wp-content\/uploads\/2024\/11\/the_greek_legislator_Licurgo-768x430.webp",676,378,true],"large":["https:\/\/contandohistorias.com.br\/wp-content\/uploads\/2024\/11\/the_greek_legislator_Licurgo-1024x574.webp",676,379,true],"1536x1536":["https:\/\/contandohistorias.com.br\/wp-content\/uploads\/2024\/11\/the_greek_legislator_Licurgo.webp",1456,816,false],"2048x2048":["https:\/\/contandohistorias.com.br\/wp-content\/uploads\/2024\/11\/the_greek_legislator_Licurgo.webp",1456,816,false],"post-image":["https:\/\/contandohistorias.com.br\/wp-content\/uploads\/2024\/11\/the_greek_legislator_Licurgo-676x379.webp",676,379,true]},"uagb_author_info":{"display_name":"Rubens","author_link":"https:\/\/contandohistorias.com.br\/?author=1"},"uagb_comment_info":0,"uagb_excerpt":"Conta-se que o legislador Licurgo foi convidado a proferir uma palestra a respeito de educa\u00e7\u00e3o. Aceitou o convite mas pediu, no entanto, o prazo de seis meses para se preparar. O fato causou estranheza, pois todos sabiam que ele tinha capacidade e condi\u00e7\u00f5es de falar a qualquer momento sobre o tema, e por isso o&hellip;","_links":{"self":[{"href":"https:\/\/contandohistorias.com.br\/index.php?rest_route=\/wp\/v2\/posts\/2281","targetHints":{"allow":["GET"]}}],"collection":[{"href":"https:\/\/contandohistorias.com.br\/index.php?rest_route=\/wp\/v2\/posts"}],"about":[{"href":"https:\/\/contandohistorias.com.br\/index.php?rest_route=\/wp\/v2\/types\/post"}],"author":[{"embeddable":true,"href":"https:\/\/contandohistorias.com.br\/index.php?rest_route=\/wp\/v2\/users\/1"}],"replies":[{"embeddable":true,"href":"https:\/\/contandohistorias.com.br\/index.php?rest_route=%2Fwp%2Fv2%2Fcomments&post=2281"}],"version-history":[{"count":1,"href":"https:\/\/contandohistorias.com.br\/index.php?rest_route=\/wp\/v2\/posts\/2281\/revisions"}],"predecessor-version":[{"id":2283,"href":"https:\/\/contandohistorias.com.br\/index.php?rest_route=\/wp\/v2\/posts\/2281\/revisions\/2283"}],"wp:featuredmedia":[{"embeddable":true,"href":"https:\/\/contandohistorias.com.br\/index.php?rest_route=\/wp\/v2\/media\/2282"}],"wp:attachment":[{"href":"https:\/\/contandohistorias.com.br\/index.php?rest_route=%2Fwp%2Fv2%2Fmedia&parent=2281"}],"wp:term":[{"taxonomy":"category","embeddable":true,"href":"https:\/\/contandohistorias.com.br\/index.php?rest_route=%2Fwp%2Fv2%2Fcategories&post=2281"},{"taxonomy":"post_tag","embeddable":true,"href":"https:\/\/contandohistorias.com.br\/index.php?rest_route=%2Fwp%2Fv2%2Ftags&post=2281"}],"curies":[{"name":"wp","href":"https:\/\/api.w.org\/{rel}","templated":true}]}}