{"id":2309,"date":"2024-11-30T09:54:25","date_gmt":"2024-11-30T12:54:25","guid":{"rendered":"https:\/\/contandohistorias.com.br\/?p=2309"},"modified":"2024-11-30T09:54:33","modified_gmt":"2024-11-30T12:54:33","slug":"um-ser-pai","status":"publish","type":"post","link":"https:\/\/contandohistorias.com.br\/?p=2309","title":{"rendered":"Um ser: Pai!"},"content":{"rendered":"\n<p><strong><em>Ivan Gelyma<\/em><\/strong><\/p>\n\n\n\n<p>Eu Sou Pai. Por tr\u00eas vezes senti a sensa\u00e7\u00e3o maravilhosa de receber no mundo pessoinhas rec\u00e9m chegadas do c\u00e9u.<\/p>\n\n\n\n<p>Que alegria e privil\u00e9gio ter sob minha guarda almas puras, mentes limpas e cora\u00e7\u00f5es inocentes!<\/p>\n\n\n\n<p>Ao mesmo tempo uma deliciosa responsabilidade ter que preparar cada um para a vida neste lugar.<\/p>\n\n\n\n<p>Felizmente cada pai tem o exemplo do Pai maior como inspira\u00e7\u00e3o.<\/p>\n\n\n\n<p>O exemplo de um amor incondicional, sincero, desinteressado e eterno e \u00e9 por esse amor que nos ligamos aos filhos, \u00e9 por esse amor que n\u00e3o importa o que aconte\u00e7a nunca os abandonamos.<\/p>\n\n\n\n<p>Podemos estar longe, encontr\u00e1-los pouco, falarmos por telefone, internet ou cartas, o que importa \u00e9 que eles est\u00e3o em nosso cora\u00e7\u00e3o e mente o tempo todo.<\/p>\n\n\n\n<p>Pai \u00e9 Um Ser Quase Divino.<\/p>\n\n\n\n<p>Tem a oportunidade de participar do maior milagre cria\u00e7\u00e3o de Deus, a gen\u00e9tica.<\/p>\n\n\n\n<p>\u00c9 o emiss\u00e1rio da semente que forma um novo ser. Infelizmente muitos homens n\u00e3o se d\u00e3o conta disso e quando isso ocorre, outro milagre acontece, o milagre do cora\u00e7\u00e3o, porque o pai, no verdadeiro sentido, n\u00e3o \u00e9 o que gera a semente, planta e a abandona, mas o que cuida para que ela germine, flores\u00e7a, viva e d\u00ea bons frutos.<\/p>\n\n\n\n<p>Para isso \u00e9 preciso cultivar com todo cuidado e amor.<\/p>\n\n\n\n<p>\u00c9 ser o jardineiro fiel que, atrav\u00e9s do exemplo, da dedica\u00e7\u00e3o e do companheirismo, formar\u00e1 pessoas de bom car\u00e1ter para melhorar o lugar em que vivemos.<\/p>\n\n\n\n<p>Domingo \u00e9 o Dia dos Pais. Mais do que um dia de esperar por presentes, um dia de reflex\u00e3o e de gratid\u00e3o pelos presentes que j\u00e1 recebeu.<\/p>\n\n\n\n<p>Minha homenagem a todos os verdadeiros pais, os que cultivam o que receberam de presente um dia do nosso Pai maior, seja atrav\u00e9s da gen\u00e9tica, seja atrav\u00e9s do cora\u00e7\u00e3o.<\/p>\n","protected":false},"excerpt":{"rendered":"<p>Ivan Gelyma Eu Sou Pai. Por tr\u00eas vezes senti a sensa\u00e7\u00e3o maravilhosa de receber no mundo pessoinhas rec\u00e9m chegadas do c\u00e9u. Que alegria e privil\u00e9gio ter sob minha guarda almas puras, mentes limpas e cora\u00e7\u00f5es inocentes! Ao mesmo tempo uma deliciosa responsabilidade ter que preparar cada um para a vida neste lugar. Felizmente cada pai [&hellip;]<\/p>\n","protected":false},"author":1,"featured_media":2310,"comment_status":"closed","ping_status":"closed","sticky":false,"template":"","format":"standard","meta":{"_uag_custom_page_level_css":"","footnotes":""},"categories":[4],"tags":[],"class_list":["post-2309","post","type-post","status-publish","format-standard","has-post-thumbnail","hentry","category-historias","post-preview"],"uagb_featured_image_src":{"full":["https:\/\/contandohistorias.com.br\/wp-content\/uploads\/2024\/11\/father.webp",1456,816,false],"thumbnail":["https:\/\/contandohistorias.com.br\/wp-content\/uploads\/2024\/11\/father-150x150.webp",150,150,true],"medium":["https:\/\/contandohistorias.com.br\/wp-content\/uploads\/2024\/11\/father-300x168.webp",300,168,true],"medium_large":["https:\/\/contandohistorias.com.br\/wp-content\/uploads\/2024\/11\/father-768x430.webp",676,378,true],"large":["https:\/\/contandohistorias.com.br\/wp-content\/uploads\/2024\/11\/father-1024x574.webp",676,379,true],"1536x1536":["https:\/\/contandohistorias.com.br\/wp-content\/uploads\/2024\/11\/father.webp",1456,816,false],"2048x2048":["https:\/\/contandohistorias.com.br\/wp-content\/uploads\/2024\/11\/father.webp",1456,816,false],"post-image":["https:\/\/contandohistorias.com.br\/wp-content\/uploads\/2024\/11\/father-676x379.webp",676,379,true]},"uagb_author_info":{"display_name":"Rubens","author_link":"https:\/\/contandohistorias.com.br\/?author=1"},"uagb_comment_info":0,"uagb_excerpt":"Ivan Gelyma Eu Sou Pai. Por tr\u00eas vezes senti a sensa\u00e7\u00e3o maravilhosa de receber no mundo pessoinhas rec\u00e9m chegadas do c\u00e9u. Que alegria e privil\u00e9gio ter sob minha guarda almas puras, mentes limpas e cora\u00e7\u00f5es inocentes! Ao mesmo tempo uma deliciosa responsabilidade ter que preparar cada um para a vida neste lugar. Felizmente cada pai&hellip;","_links":{"self":[{"href":"https:\/\/contandohistorias.com.br\/index.php?rest_route=\/wp\/v2\/posts\/2309","targetHints":{"allow":["GET"]}}],"collection":[{"href":"https:\/\/contandohistorias.com.br\/index.php?rest_route=\/wp\/v2\/posts"}],"about":[{"href":"https:\/\/contandohistorias.com.br\/index.php?rest_route=\/wp\/v2\/types\/post"}],"author":[{"embeddable":true,"href":"https:\/\/contandohistorias.com.br\/index.php?rest_route=\/wp\/v2\/users\/1"}],"replies":[{"embeddable":true,"href":"https:\/\/contandohistorias.com.br\/index.php?rest_route=%2Fwp%2Fv2%2Fcomments&post=2309"}],"version-history":[{"count":1,"href":"https:\/\/contandohistorias.com.br\/index.php?rest_route=\/wp\/v2\/posts\/2309\/revisions"}],"predecessor-version":[{"id":2311,"href":"https:\/\/contandohistorias.com.br\/index.php?rest_route=\/wp\/v2\/posts\/2309\/revisions\/2311"}],"wp:featuredmedia":[{"embeddable":true,"href":"https:\/\/contandohistorias.com.br\/index.php?rest_route=\/wp\/v2\/media\/2310"}],"wp:attachment":[{"href":"https:\/\/contandohistorias.com.br\/index.php?rest_route=%2Fwp%2Fv2%2Fmedia&parent=2309"}],"wp:term":[{"taxonomy":"category","embeddable":true,"href":"https:\/\/contandohistorias.com.br\/index.php?rest_route=%2Fwp%2Fv2%2Fcategories&post=2309"},{"taxonomy":"post_tag","embeddable":true,"href":"https:\/\/contandohistorias.com.br\/index.php?rest_route=%2Fwp%2Fv2%2Ftags&post=2309"}],"curies":[{"name":"wp","href":"https:\/\/api.w.org\/{rel}","templated":true}]}}