{"id":2370,"date":"2025-04-12T21:55:42","date_gmt":"2025-04-13T00:55:42","guid":{"rendered":"https:\/\/contandohistorias.com.br\/?p=2370"},"modified":"2025-04-12T21:55:46","modified_gmt":"2025-04-13T00:55:46","slug":"faz-sentido-2","status":"publish","type":"post","link":"https:\/\/contandohistorias.com.br\/?p=2370","title":{"rendered":"Faz sentido&#8230;"},"content":{"rendered":"\n<p><strong><em>Chuang Tzu<\/em><\/strong><\/p>\n\n\n\n<p>Tudo no universo opera por vibra\u00e7\u00e3o, e conseq\u00fcente resson\u00e2ncia. Quando uma pessoa ataca, a outra s\u00f3 reage se aquilo encontrou resson\u00e2ncia (pode ser a n\u00edvel f\u00edsico, se for uma agress\u00e3o f\u00edsica, ou moral, se for uma agress\u00e3o verbal).<\/p>\n\n\n\n<p>Ao tocar uma nota D\u00f3 no viol\u00e3o, pode notar que a outra corda D\u00f3 vai ressoar, porque ambas est\u00e3o afinadas (da\u00ed vem a palavra &#8220;afinidade&#8221;). Se uma agress\u00e3o o perturbar, \u00e9 porque ela ressoou em voc\u00ea, e voc\u00ea, entendendo o mecanismo, procure localizar ONDE ressoou e o PORQU\u00ca, e ent\u00e3o procure eliminar esses tra\u00e7os em voc\u00ea (assim como um psic\u00f3logo faz com seu paciente).<\/p>\n\n\n\n<p>Uma vez que isso acontece, n\u00e3o h\u00e1 necessidade de dar uma resposta, pois onde n\u00e3o h\u00e1 ofensa n\u00e3o h\u00e1 necessidade de contra-ofensa ou mesmo perd\u00e3o (algo que Gandhi j\u00e1 falava, com o seu Ahimsa). Ali\u00e1s, Gandhi e Jesus foram exemplos extremos de que mesmo agress\u00f5es f\u00edsicas n\u00e3o podiam perturbar suas almas. Pode-se destro\u00e7ar o corpo, mat\u00e1-lo, mas s\u00f3 \u00e9 poss\u00edvel fazer o mesmo com sua alma se voc\u00ea o permitir.<\/p>\n\n\n\n<p>No fundo do seu ser repousa uma mente tranq\u00fcila e serena como um lago. Se a tranq\u00fcilidade da \u00e1gua permite refletir as coisas, o que n\u00e3o poder\u00e1 a tranq\u00fcilidade do esp\u00edrito?<\/p>\n","protected":false},"excerpt":{"rendered":"<p>Chuang Tzu Tudo no universo opera por vibra\u00e7\u00e3o, e conseq\u00fcente resson\u00e2ncia. Quando uma pessoa ataca, a outra s\u00f3 reage se aquilo encontrou resson\u00e2ncia (pode ser a n\u00edvel f\u00edsico, se for uma agress\u00e3o f\u00edsica, ou moral, se for uma agress\u00e3o verbal). Ao tocar uma nota D\u00f3 no viol\u00e3o, pode notar que a outra corda D\u00f3 vai [&hellip;]<\/p>\n","protected":false},"author":1,"featured_media":2371,"comment_status":"closed","ping_status":"closed","sticky":false,"template":"","format":"standard","meta":{"_uag_custom_page_level_css":"","footnotes":""},"categories":[4],"tags":[],"class_list":["post-2370","post","type-post","status-publish","format-standard","has-post-thumbnail","hentry","category-historias","post-preview"],"uagb_featured_image_src":{"full":["https:\/\/contandohistorias.com.br\/wp-content\/uploads\/2025\/04\/Gandhi.webp",1456,816,false],"thumbnail":["https:\/\/contandohistorias.com.br\/wp-content\/uploads\/2025\/04\/Gandhi-150x150.webp",150,150,true],"medium":["https:\/\/contandohistorias.com.br\/wp-content\/uploads\/2025\/04\/Gandhi-300x168.webp",300,168,true],"medium_large":["https:\/\/contandohistorias.com.br\/wp-content\/uploads\/2025\/04\/Gandhi-768x430.webp",676,378,true],"large":["https:\/\/contandohistorias.com.br\/wp-content\/uploads\/2025\/04\/Gandhi-1024x574.webp",676,379,true],"1536x1536":["https:\/\/contandohistorias.com.br\/wp-content\/uploads\/2025\/04\/Gandhi.webp",1456,816,false],"2048x2048":["https:\/\/contandohistorias.com.br\/wp-content\/uploads\/2025\/04\/Gandhi.webp",1456,816,false],"post-image":["https:\/\/contandohistorias.com.br\/wp-content\/uploads\/2025\/04\/Gandhi-676x379.webp",676,379,true]},"uagb_author_info":{"display_name":"Rubens","author_link":"https:\/\/contandohistorias.com.br\/?author=1"},"uagb_comment_info":0,"uagb_excerpt":"Chuang Tzu Tudo no universo opera por vibra\u00e7\u00e3o, e conseq\u00fcente resson\u00e2ncia. Quando uma pessoa ataca, a outra s\u00f3 reage se aquilo encontrou resson\u00e2ncia (pode ser a n\u00edvel f\u00edsico, se for uma agress\u00e3o f\u00edsica, ou moral, se for uma agress\u00e3o verbal). Ao tocar uma nota D\u00f3 no viol\u00e3o, pode notar que a outra corda D\u00f3 vai&hellip;","_links":{"self":[{"href":"https:\/\/contandohistorias.com.br\/index.php?rest_route=\/wp\/v2\/posts\/2370","targetHints":{"allow":["GET"]}}],"collection":[{"href":"https:\/\/contandohistorias.com.br\/index.php?rest_route=\/wp\/v2\/posts"}],"about":[{"href":"https:\/\/contandohistorias.com.br\/index.php?rest_route=\/wp\/v2\/types\/post"}],"author":[{"embeddable":true,"href":"https:\/\/contandohistorias.com.br\/index.php?rest_route=\/wp\/v2\/users\/1"}],"replies":[{"embeddable":true,"href":"https:\/\/contandohistorias.com.br\/index.php?rest_route=%2Fwp%2Fv2%2Fcomments&post=2370"}],"version-history":[{"count":1,"href":"https:\/\/contandohistorias.com.br\/index.php?rest_route=\/wp\/v2\/posts\/2370\/revisions"}],"predecessor-version":[{"id":2372,"href":"https:\/\/contandohistorias.com.br\/index.php?rest_route=\/wp\/v2\/posts\/2370\/revisions\/2372"}],"wp:featuredmedia":[{"embeddable":true,"href":"https:\/\/contandohistorias.com.br\/index.php?rest_route=\/wp\/v2\/media\/2371"}],"wp:attachment":[{"href":"https:\/\/contandohistorias.com.br\/index.php?rest_route=%2Fwp%2Fv2%2Fmedia&parent=2370"}],"wp:term":[{"taxonomy":"category","embeddable":true,"href":"https:\/\/contandohistorias.com.br\/index.php?rest_route=%2Fwp%2Fv2%2Fcategories&post=2370"},{"taxonomy":"post_tag","embeddable":true,"href":"https:\/\/contandohistorias.com.br\/index.php?rest_route=%2Fwp%2Fv2%2Ftags&post=2370"}],"curies":[{"name":"wp","href":"https:\/\/api.w.org\/{rel}","templated":true}]}}