{"id":2388,"date":"2025-04-26T22:07:01","date_gmt":"2025-04-27T01:07:01","guid":{"rendered":"https:\/\/contandohistorias.com.br\/?p=2388"},"modified":"2025-04-26T22:07:06","modified_gmt":"2025-04-27T01:07:06","slug":"a-arte-de-calar-e-de-nao-ver","status":"publish","type":"post","link":"https:\/\/contandohistorias.com.br\/?p=2388","title":{"rendered":"A arte de calar e de n\u00e3o ver"},"content":{"rendered":"\n<p><strong><em>Huberto Rohden<\/em><\/strong><\/p>\n\n\n\n<p>N\u00e3o te esque\u00e7as, amigo ignoto, de que todo homem, mesmo o mais positivo e din\u00e2mico, \u00e9 essencialmente fraco, indigente, necessitado de socorro.<\/p>\n\n\n\n<p>Todo homem tem as suas horas de solid\u00e3o interior, horas de trevas e des\u00e2nimo, horas de desorienta\u00e7\u00e3o e negro pessimismo.<\/p>\n\n\n\n<p>\u00c9 preciso que saibas adivinhar, nos olhos e na alma do pr\u00f3ximo, essas horas soturnas&#8230;<\/p>\n\n\n\n<p>Deves saber quando conv\u00e9m visit\u00e1-lo &#8211; e quando conv\u00e9m deix\u00e1-lo a s\u00f3s&#8230;<\/p>\n\n\n\n<p>Quando falar com ele &#8211; e quando calar com ele&#8230;<\/p>\n\n\n\n<p>Quando o animar &#8211; e quando o tolerar, porque at\u00e9 os santos devem ser tolerados&#8230;<\/p>\n\n\n\n<p>\u00c9 preciso que saibas ver a seu tempo &#8211; e n\u00e3o ver o seu tempo&#8230;<\/p>\n\n\n\n<p>\u00c9 preciso que saibas silenciar em face das suas derrotas \u00edntimas &#8211; e fechar os olhos ante as suas fraquezas&#8230;<\/p>\n\n\n\n<p>Quem espera de seu irm\u00e3o perfei\u00e7\u00e3o absoluta cair\u00e1 de decep\u00e7\u00e3o em decep\u00e7\u00e3o &#8211; e est\u00e1 sempre disposto a lhe tirar do olho o argueiro.<\/p>\n\n\n\n<p>H\u00e1 na vida de todo mortal momentos tr\u00e1gicos em que se apagam todos os far\u00f3is da praia, em que se eclipsam todas as estrelas do firmamento, em que vacilam todas as colunas sob a veem\u00eancia do terremoto&#8230;<\/p>\n\n\n\n<p>H\u00e1 na vida humana transes de suprema ang\u00fastia em que o pobre m\u00e1rtir do pr\u00f3prio ego tem de disfar\u00e7ar com a serenidade dum sorriso convencional o candente vulc\u00e3o da sua trag\u00e9dia interior&#8230;<\/p>\n\n\n\n<p>Nem sempre a sociedade permite ao homem ser o que ele \u00e9&#8230;<\/p>\n\n\n\n<p>Feliz de quem encontra uma alma compreensiva no meio da incompreens\u00e3o!<\/p>\n\n\n\n<p>Feliz de quem sabe ignorar, na discreta retic\u00eancia de um grande amor, aquilo que desune os homens e acende nas almas infernos de infelicidade!<\/p>\n\n\n\n<p>Muitos s\u00e3o os homens que enxergam com admir\u00e1vel precis\u00e3o &#8211; poucos os que sabem ser cegos quando conv\u00e9m&#8230;<\/p>\n\n\n\n<p>Eterno sil\u00eancio envolve os cumes excelsos das grandes montanhas &#8211; e as \u00ednfimas profundezas do mar&#8230;<\/p>\n\n\n\n<p>Muitos s\u00e3o os mais humanos e os mais divinos momentos da vida &#8211; os abismos da dor e as alturas do amor.<\/p>\n\n\n\n<p>Nas mais altas alturas e nas mais profundas profundezas do seu ser &#8211; o homem est\u00e1 s\u00f3&#8230;<\/p>\n\n\n\n<p>E a s\u00f3s consigo e com Deus tem de resolver os mais tr\u00e1gicos problemas da vida&#8230;<\/p>\n\n\n\n<p>Ningu\u00e9m o pode acompanhar nessa grande solid\u00e3o&#8230;<\/p>\n\n\n\n<p>Nem pai nem filho&#8230;<\/p>\n\n\n\n<p>Nem esposo nem esposa&#8230;<\/p>\n\n\n\n<p>Nem irm\u00e3o nem amigo&#8230;<\/p>\n\n\n\n<p>Ele est\u00e1 s\u00f3 com Deus&#8230;<\/p>\n","protected":false},"excerpt":{"rendered":"<p>Huberto Rohden N\u00e3o te esque\u00e7as, amigo ignoto, de que todo homem, mesmo o mais positivo e din\u00e2mico, \u00e9 essencialmente fraco, indigente, necessitado de socorro. Todo homem tem as suas horas de solid\u00e3o interior, horas de trevas e des\u00e2nimo, horas de desorienta\u00e7\u00e3o e negro pessimismo. \u00c9 preciso que saibas adivinhar, nos olhos e na alma do [&hellip;]<\/p>\n","protected":false},"author":1,"featured_media":2389,"comment_status":"closed","ping_status":"closed","sticky":false,"template":"","format":"standard","meta":{"_uag_custom_page_level_css":"","footnotes":""},"categories":[4],"tags":[],"class_list":["post-2388","post","type-post","status-publish","format-standard","has-post-thumbnail","hentry","category-historias","post-preview"],"uagb_featured_image_src":{"full":["https:\/\/contandohistorias.com.br\/wp-content\/uploads\/2025\/04\/a_couple_holding_hands_in_a_park_bench.webp",1456,816,false],"thumbnail":["https:\/\/contandohistorias.com.br\/wp-content\/uploads\/2025\/04\/a_couple_holding_hands_in_a_park_bench-150x150.webp",150,150,true],"medium":["https:\/\/contandohistorias.com.br\/wp-content\/uploads\/2025\/04\/a_couple_holding_hands_in_a_park_bench-300x168.webp",300,168,true],"medium_large":["https:\/\/contandohistorias.com.br\/wp-content\/uploads\/2025\/04\/a_couple_holding_hands_in_a_park_bench-768x430.webp",676,378,true],"large":["https:\/\/contandohistorias.com.br\/wp-content\/uploads\/2025\/04\/a_couple_holding_hands_in_a_park_bench-1024x574.webp",676,379,true],"1536x1536":["https:\/\/contandohistorias.com.br\/wp-content\/uploads\/2025\/04\/a_couple_holding_hands_in_a_park_bench.webp",1456,816,false],"2048x2048":["https:\/\/contandohistorias.com.br\/wp-content\/uploads\/2025\/04\/a_couple_holding_hands_in_a_park_bench.webp",1456,816,false],"post-image":["https:\/\/contandohistorias.com.br\/wp-content\/uploads\/2025\/04\/a_couple_holding_hands_in_a_park_bench-676x379.webp",676,379,true]},"uagb_author_info":{"display_name":"Rubens","author_link":"https:\/\/contandohistorias.com.br\/?author=1"},"uagb_comment_info":0,"uagb_excerpt":"Huberto Rohden N\u00e3o te esque\u00e7as, amigo ignoto, de que todo homem, mesmo o mais positivo e din\u00e2mico, \u00e9 essencialmente fraco, indigente, necessitado de socorro. Todo homem tem as suas horas de solid\u00e3o interior, horas de trevas e des\u00e2nimo, horas de desorienta\u00e7\u00e3o e negro pessimismo. \u00c9 preciso que saibas adivinhar, nos olhos e na alma do&hellip;","_links":{"self":[{"href":"https:\/\/contandohistorias.com.br\/index.php?rest_route=\/wp\/v2\/posts\/2388","targetHints":{"allow":["GET"]}}],"collection":[{"href":"https:\/\/contandohistorias.com.br\/index.php?rest_route=\/wp\/v2\/posts"}],"about":[{"href":"https:\/\/contandohistorias.com.br\/index.php?rest_route=\/wp\/v2\/types\/post"}],"author":[{"embeddable":true,"href":"https:\/\/contandohistorias.com.br\/index.php?rest_route=\/wp\/v2\/users\/1"}],"replies":[{"embeddable":true,"href":"https:\/\/contandohistorias.com.br\/index.php?rest_route=%2Fwp%2Fv2%2Fcomments&post=2388"}],"version-history":[{"count":1,"href":"https:\/\/contandohistorias.com.br\/index.php?rest_route=\/wp\/v2\/posts\/2388\/revisions"}],"predecessor-version":[{"id":2390,"href":"https:\/\/contandohistorias.com.br\/index.php?rest_route=\/wp\/v2\/posts\/2388\/revisions\/2390"}],"wp:featuredmedia":[{"embeddable":true,"href":"https:\/\/contandohistorias.com.br\/index.php?rest_route=\/wp\/v2\/media\/2389"}],"wp:attachment":[{"href":"https:\/\/contandohistorias.com.br\/index.php?rest_route=%2Fwp%2Fv2%2Fmedia&parent=2388"}],"wp:term":[{"taxonomy":"category","embeddable":true,"href":"https:\/\/contandohistorias.com.br\/index.php?rest_route=%2Fwp%2Fv2%2Fcategories&post=2388"},{"taxonomy":"post_tag","embeddable":true,"href":"https:\/\/contandohistorias.com.br\/index.php?rest_route=%2Fwp%2Fv2%2Ftags&post=2388"}],"curies":[{"name":"wp","href":"https:\/\/api.w.org\/{rel}","templated":true}]}}