{"id":2394,"date":"2025-04-28T22:07:49","date_gmt":"2025-04-29T01:07:49","guid":{"rendered":"https:\/\/contandohistorias.com.br\/?p=2394"},"modified":"2025-04-28T22:07:53","modified_gmt":"2025-04-29T01:07:53","slug":"preocupacoes","status":"publish","type":"post","link":"https:\/\/contandohistorias.com.br\/?p=2394","title":{"rendered":"Preocupa\u00e7\u00f5es"},"content":{"rendered":"\n<p><strong><em>Paulo Roberto Gaefke<\/em><\/strong><\/p>\n\n\n\n<p>\u00c0s vezes nos ligamos em coisas t\u00e3o pequenas, que perdemos a dire\u00e7\u00e3o das mais importantes.<\/p>\n\n\n\n<p>S\u00e3o situa\u00e7\u00f5es corriqueiras que nos incomodam demais, levam a discuss\u00f5es in\u00fateis que, por vezes, chega a machucar.<\/p>\n\n\n\n<p>Guardamos m\u00e1goas, levamos rancores, ficamos de mal, tudo em nome de um &#8220;orgulho besta&#8221; que nem sempre, admitimos, pois &#8220;nos julgamos&#8221; superiores, livres dos males do mundo.<\/p>\n\n\n\n<p>Quanta pretens\u00e3o, n\u00e3o \u00e9 mesmo?<\/p>\n\n\n\n<p>Por isso, \u00e9 importante assumir as nossas fraquezas: sentimos tudo o que os outros tamb\u00e9m sentem, raiva, \u00f3dio, inveja, desprezo, nojo, tristeza, alegria, orgulho, certezas e d\u00favidas, tudo que \u00e9 pr\u00f3prio do ser humano.<\/p>\n\n\n\n<p>E isso \u00e9 natural&#8230;<\/p>\n\n\n\n<p>L\u00f3gico que estamos aqui para evoluir e aprendermos, seja pelo amor, ou pela dor, que os sentimentos mesquinhos, nos levam ao isolamento, ao sofrimento in\u00fatil.<\/p>\n\n\n\n<p>Por isso, concentre-se no bem que possa ser feito, na palavra que pode ser bem dita, no abra\u00e7o fraterno que consola e encerra discuss\u00f5es, no amor que podemos desenvolver por qualquer pessoa, na admira\u00e7\u00e3o que podemos ter por n\u00f3s mesmos, na certeza de que somos espelhos, evangelizadores atrav\u00e9s dos nossos atos e atitudes.<\/p>\n\n\n\n<p>Sendo assim, preocupe-se com voc\u00ea.<\/p>\n\n\n\n<p>N\u00e3o se descabele por situa\u00e7\u00f5es que n\u00e3o mudam.<\/p>\n\n\n\n<p>Mude voc\u00ea!<\/p>\n","protected":false},"excerpt":{"rendered":"<p>Paulo Roberto Gaefke \u00c0s vezes nos ligamos em coisas t\u00e3o pequenas, que perdemos a dire\u00e7\u00e3o das mais importantes. S\u00e3o situa\u00e7\u00f5es corriqueiras que nos incomodam demais, levam a discuss\u00f5es in\u00fateis que, por vezes, chega a machucar. Guardamos m\u00e1goas, levamos rancores, ficamos de mal, tudo em nome de um &#8220;orgulho besta&#8221; que nem sempre, admitimos, pois &#8220;nos [&hellip;]<\/p>\n","protected":false},"author":1,"featured_media":2395,"comment_status":"closed","ping_status":"closed","sticky":false,"template":"","format":"standard","meta":{"_uag_custom_page_level_css":"","footnotes":""},"categories":[4],"tags":[],"class_list":["post-2394","post","type-post","status-publish","format-standard","has-post-thumbnail","hentry","category-historias","post-preview"],"uagb_featured_image_src":{"full":["https:\/\/contandohistorias.com.br\/wp-content\/uploads\/2025\/04\/preocupacoes.webp",1456,816,false],"thumbnail":["https:\/\/contandohistorias.com.br\/wp-content\/uploads\/2025\/04\/preocupacoes-150x150.webp",150,150,true],"medium":["https:\/\/contandohistorias.com.br\/wp-content\/uploads\/2025\/04\/preocupacoes-300x168.webp",300,168,true],"medium_large":["https:\/\/contandohistorias.com.br\/wp-content\/uploads\/2025\/04\/preocupacoes-768x430.webp",676,378,true],"large":["https:\/\/contandohistorias.com.br\/wp-content\/uploads\/2025\/04\/preocupacoes-1024x574.webp",676,379,true],"1536x1536":["https:\/\/contandohistorias.com.br\/wp-content\/uploads\/2025\/04\/preocupacoes.webp",1456,816,false],"2048x2048":["https:\/\/contandohistorias.com.br\/wp-content\/uploads\/2025\/04\/preocupacoes.webp",1456,816,false],"post-image":["https:\/\/contandohistorias.com.br\/wp-content\/uploads\/2025\/04\/preocupacoes-676x379.webp",676,379,true]},"uagb_author_info":{"display_name":"Rubens","author_link":"https:\/\/contandohistorias.com.br\/?author=1"},"uagb_comment_info":0,"uagb_excerpt":"Paulo Roberto Gaefke \u00c0s vezes nos ligamos em coisas t\u00e3o pequenas, que perdemos a dire\u00e7\u00e3o das mais importantes. S\u00e3o situa\u00e7\u00f5es corriqueiras que nos incomodam demais, levam a discuss\u00f5es in\u00fateis que, por vezes, chega a machucar. Guardamos m\u00e1goas, levamos rancores, ficamos de mal, tudo em nome de um &#8220;orgulho besta&#8221; que nem sempre, admitimos, pois &#8220;nos&hellip;","_links":{"self":[{"href":"https:\/\/contandohistorias.com.br\/index.php?rest_route=\/wp\/v2\/posts\/2394","targetHints":{"allow":["GET"]}}],"collection":[{"href":"https:\/\/contandohistorias.com.br\/index.php?rest_route=\/wp\/v2\/posts"}],"about":[{"href":"https:\/\/contandohistorias.com.br\/index.php?rest_route=\/wp\/v2\/types\/post"}],"author":[{"embeddable":true,"href":"https:\/\/contandohistorias.com.br\/index.php?rest_route=\/wp\/v2\/users\/1"}],"replies":[{"embeddable":true,"href":"https:\/\/contandohistorias.com.br\/index.php?rest_route=%2Fwp%2Fv2%2Fcomments&post=2394"}],"version-history":[{"count":1,"href":"https:\/\/contandohistorias.com.br\/index.php?rest_route=\/wp\/v2\/posts\/2394\/revisions"}],"predecessor-version":[{"id":2396,"href":"https:\/\/contandohistorias.com.br\/index.php?rest_route=\/wp\/v2\/posts\/2394\/revisions\/2396"}],"wp:featuredmedia":[{"embeddable":true,"href":"https:\/\/contandohistorias.com.br\/index.php?rest_route=\/wp\/v2\/media\/2395"}],"wp:attachment":[{"href":"https:\/\/contandohistorias.com.br\/index.php?rest_route=%2Fwp%2Fv2%2Fmedia&parent=2394"}],"wp:term":[{"taxonomy":"category","embeddable":true,"href":"https:\/\/contandohistorias.com.br\/index.php?rest_route=%2Fwp%2Fv2%2Fcategories&post=2394"},{"taxonomy":"post_tag","embeddable":true,"href":"https:\/\/contandohistorias.com.br\/index.php?rest_route=%2Fwp%2Fv2%2Ftags&post=2394"}],"curies":[{"name":"wp","href":"https:\/\/api.w.org\/{rel}","templated":true}]}}