{"id":2601,"date":"2026-09-04T22:19:58","date_gmt":"2026-09-05T01:19:58","guid":{"rendered":"https:\/\/contandohistorias.com.br\/?p=2601"},"modified":"2026-09-04T22:20:00","modified_gmt":"2026-09-05T01:20:00","slug":"machado-de-assis-o-escritor-negro-que-revelou-as-contradicoes-do-brasil","status":"publish","type":"post","link":"https:\/\/contandohistorias.com.br\/?p=2601","title":{"rendered":"Machado de Assis: o escritor negro que revelou as contradi\u00e7\u00f5es do Brasil"},"content":{"rendered":"\n<p class=\"wp-block-paragraph\">Joaquim Maria Machado de Assis nasceu no Rio de Janeiro, em 21 de junho de 1839, numa sociedade escravista marcada por profundas divis\u00f5es raciais e sociais. Filho de Francisco Jos\u00e9 de Assis, pintor e dourador negro, e de Maria Leopoldina Machado de Assis, uma imigrante a\u00e7oriana, passou a inf\u00e2ncia no Morro do Livramento. Sua fam\u00edlia tinha poucos recursos, e Machado n\u00e3o frequentou regularmente escolas nem universidades. Ainda assim, tornou-se um dos escritores mais importantes da literatura mundial.<\/p>\n\n\n\n<p class=\"wp-block-paragraph\">A trajet\u00f3ria de Machado de Assis parece t\u00e3o extraordin\u00e1ria quanto algumas de suas hist\u00f3rias. Ainda adolescente, aproximou-se das oficinas tipogr\u00e1ficas, dos jornais e dos c\u00edrculos liter\u00e1rios do Rio de Janeiro. Aos quinze anos, publicou seu primeiro poema. Em 1856, come\u00e7ou a trabalhar como aprendiz de tip\u00f3grafo na Imprensa Nacional, onde conheceu o escritor Manuel Ant\u00f4nio de Almeida. Posteriormente, atuou como revisor, jornalista, cronista, cr\u00edtico teatral e funcion\u00e1rio p\u00fablico. Em um mundo no qual as oportunidades eram limitadas para os pobres e ainda mais restritas para as pessoas negras, ele construiu sua forma\u00e7\u00e3o por meio da leitura, da observa\u00e7\u00e3o e do contato com os ambientes culturais da capital do Imp\u00e9rio.<\/p>\n\n\n\n<p class=\"wp-block-paragraph\">Machado come\u00e7ou sua carreira liter\u00e1ria escrevendo poemas, pe\u00e7as teatrais, cr\u00edticas, cr\u00f4nicas e romances de fei\u00e7\u00e3o rom\u00e2ntica. Obras como&nbsp;<strong>Ressurrei\u00e7\u00e3o<\/strong>,&nbsp;<strong>A M\u00e3o e a Luva<\/strong>,&nbsp;<strong>Helena<\/strong>&nbsp;e&nbsp;<strong>Iai\u00e1 Garcia<\/strong>&nbsp;j\u00e1 revelavam sua capacidade de compreender os sentimentos humanos e as conven\u00e7\u00f5es sociais. Entretanto, foi a partir de&nbsp;<strong>Mem\u00f3rias P\u00f3stumas de Br\u00e1s Cubas<\/strong>, publicado em 1881, que sua literatura assumiu uma forma verdadeiramente revolucion\u00e1ria.<\/p>\n\n\n\n<p class=\"wp-block-paragraph\">Nesse romance, quem conta a hist\u00f3ria \u00e9 um homem morto, livre das obriga\u00e7\u00f5es de agradar aos vivos. Br\u00e1s Cubas conversa diretamente com o leitor, interrompe a narrativa, altera a ordem dos acontecimentos e exp\u00f5e, com ironia, o ego\u00edsmo e a vaidade das elites brasileiras. Machado abandonava as formas tradicionais do romance e criava uma maneira original de narrar, antecipando recursos que somente muito tempo depois se tornariam comuns na literatura moderna.<\/p>\n\n\n\n<p class=\"wp-block-paragraph\">Vieram ent\u00e3o obras como&nbsp;<strong>Quincas Borba<\/strong>,&nbsp;<strong>Dom Casmurro<\/strong>,&nbsp;<strong>Esa\u00fa e Jac\u00f3<\/strong>&nbsp;e&nbsp;<strong>Memorial de Aires<\/strong>. Seus personagens raramente s\u00e3o completamente bons ou maus. Eles hesitam, dissimulam, lembram os fatos de maneira conveniente e procuram justificar suas pr\u00f3prias escolhas. Em&nbsp;<strong>Dom Casmurro<\/strong>, por exemplo, Bentinho tenta convencer o leitor de que foi tra\u00eddo por Capitu. Contudo, toda a hist\u00f3ria chega at\u00e9 n\u00f3s por meio de sua voz ciumenta e insegura. Machado transforma o leitor em juiz, embora esconda dele justamente as provas necess\u00e1rias para chegar a um veredito.<\/p>\n\n\n\n<p class=\"wp-block-paragraph\">A escravid\u00e3o e o racismo tamb\u00e9m atravessam sua obra, algumas vezes de forma discreta e outras de maneira brutal. Em contos como&nbsp;<strong>O Caso da Vara<\/strong>,&nbsp;<strong>Pai contra M\u00e3e<\/strong>&nbsp;e&nbsp;<strong>Mariana<\/strong>, ele revelou a viol\u00eancia incorporada ao cotidiano, \u00e0s rela\u00e7\u00f5es familiares e \u00e0s institui\u00e7\u00f5es brasileiras. Em vez de apresentar longos discursos, mostrava como pessoas consideradas respeit\u00e1veis podiam aceitar a crueldade quando seus interesses estavam em jogo. Sua ironia obrigava o leitor a perceber aquilo que a sociedade preferia tratar como normal.<\/p>\n\n\n\n<p class=\"wp-block-paragraph\">Em 1869, Machado casou-se com Carolina Augusta Xavier de Novais, uma portuguesa culta que se tornou sua companheira, leitora e colaboradora intelectual. A uni\u00e3o durou 35 anos. A morte de Carolina, em 1904, causou-lhe profundo sofrimento e inspirou o soneto&nbsp;<strong>A Carolina<\/strong>, uma das mais comoventes declara\u00e7\u00f5es de amor da literatura brasileira. Machado tamb\u00e9m enfrentou problemas de sa\u00fade, incluindo crises de epilepsia, numa \u00e9poca em que a doen\u00e7a era cercada de incompreens\u00e3o e preconceito.<\/p>\n\n\n\n<p class=\"wp-block-paragraph\">Em 1897, participou da funda\u00e7\u00e3o da Academia Brasileira de Letras e foi eleito seu primeiro presidente. Permaneceu no cargo at\u00e9 sua morte, por mais de dez anos, exercendo tamanha influ\u00eancia que a institui\u00e7\u00e3o passou a ser chamada de Casa de Machado de Assis. Ocupou a cadeira n\u00famero 23 e escolheu Jos\u00e9 de Alencar como seu patrono.<\/p>\n\n\n\n<p class=\"wp-block-paragraph\">Apesar do prest\u00edgio alcan\u00e7ado ainda em vida, a identidade negra de Machado de Assis foi frequentemente minimizada depois de sua morte. Fotografias foram clareadas, retratos suavizaram seus tra\u00e7os e parte da cr\u00edtica preferiu apresent\u00e1-lo apenas como um intelectual integrado \u00e0s elites do Rio de Janeiro. Em 2011, uma campanha publicit\u00e1ria chegou a represent\u00e1-lo como um homem branco. O epis\u00f3dio provocou protestos e simbolizou um processo de embranquecimento que acompanhou sua imagem durante d\u00e9cadas.<\/p>\n\n\n\n<p class=\"wp-block-paragraph\">Esse apagamento n\u00e3o foi casual. Para uma sociedade que associava a intelig\u00eancia e o refinamento \u00e0 popula\u00e7\u00e3o branca, admitir que o maior escritor brasileiro era um homem negro, nascido pobre e descendente de pessoas escravizadas, significava confrontar os pr\u00f3prios preconceitos. Em vez de reconhecer plenamente sua origem, procurou-se adaptar sua apar\u00eancia ao lugar de prest\u00edgio que sua obra conquistara. A redescoberta de fotografias, documentos e estudos biogr\u00e1ficos ajudou a restituir uma dimens\u00e3o essencial de sua identidade e de sua trajet\u00f3ria.<\/p>\n\n\n\n<p class=\"wp-block-paragraph\">Machado de Assis morreu em 29 de setembro de 1908, no Rio de Janeiro. Hoje, seus livros s\u00e3o traduzidos, estudados e admirados em diversos pa\u00edses. A cr\u00edtica internacional reconhece a modernidade de sua escrita, a profundidade psicol\u00f3gica de seus personagens e a extraordin\u00e1ria capacidade com que desvendou as rela\u00e7\u00f5es entre poder, apar\u00eancia e interesse.<\/p>\n\n\n\n<p class=\"wp-block-paragraph\">Recuperar a identidade negra de Machado de Assis n\u00e3o significa reduzir sua literatura \u00e0 quest\u00e3o racial. Significa compreender integralmente o homem que a produziu e reconhecer a dimens\u00e3o de sua conquista. Um menino negro e pobre, nascido numa sociedade escravista e sem acesso \u00e0 educa\u00e7\u00e3o formal, atravessou as barreiras de seu tempo, tornou-se o primeiro presidente da Academia Brasileira de Letras e escreveu uma obra que continua a conversar com o mundo. Durante muito tempo tentaram embranquecer seu rosto, mas nenhuma tentativa de apagamento conseguiu diminuir a grandeza de sua voz.<\/p>\n\n\n\n<p class=\"wp-block-paragraph\"><\/p>\n","protected":false},"excerpt":{"rendered":"<p>Joaquim Maria Machado de Assis nasceu no Rio de Janeiro, em 21 de junho de 1839, numa sociedade escravista marcada por profundas divis\u00f5es raciais e sociais. Filho de Francisco Jos\u00e9 de Assis, pintor e dourador negro, e de Maria Leopoldina Machado de Assis, uma imigrante a\u00e7oriana, passou a inf\u00e2ncia no Morro do Livramento. Sua fam\u00edlia [&hellip;]<\/p>\n","protected":false},"author":1,"featured_media":2602,"comment_status":"closed","ping_status":"closed","sticky":false,"template":"","format":"standard","meta":{"_uag_custom_page_level_css":"","footnotes":""},"categories":[4],"tags":[],"class_list":["post-2601","post","type-post","status-publish","format-standard","has-post-thumbnail","hentry","category-historias","post-preview"],"uagb_featured_image_src":{"full":["https:\/\/contandohistorias.com.br\/wp-content\/uploads\/2026\/09\/Machado_de_Assis_em_seu_gabinete.webp",1672,941,false],"thumbnail":["https:\/\/contandohistorias.com.br\/wp-content\/uploads\/2026\/09\/Machado_de_Assis_em_seu_gabinete-150x150.webp",150,150,true],"medium":["https:\/\/contandohistorias.com.br\/wp-content\/uploads\/2026\/09\/Machado_de_Assis_em_seu_gabinete-300x169.webp",300,169,true],"medium_large":["https:\/\/contandohistorias.com.br\/wp-content\/uploads\/2026\/09\/Machado_de_Assis_em_seu_gabinete-768x432.webp",676,380,true],"large":["https:\/\/contandohistorias.com.br\/wp-content\/uploads\/2026\/09\/Machado_de_Assis_em_seu_gabinete-1024x576.webp",676,380,true],"1536x1536":["https:\/\/contandohistorias.com.br\/wp-content\/uploads\/2026\/09\/Machado_de_Assis_em_seu_gabinete-1536x864.webp",1536,864,true],"2048x2048":["https:\/\/contandohistorias.com.br\/wp-content\/uploads\/2026\/09\/Machado_de_Assis_em_seu_gabinete.webp",1672,941,false],"post-image":["https:\/\/contandohistorias.com.br\/wp-content\/uploads\/2026\/09\/Machado_de_Assis_em_seu_gabinete-676x380.webp",676,380,true]},"uagb_author_info":{"display_name":"Rubens","author_link":"https:\/\/contandohistorias.com.br\/?author=1"},"uagb_comment_info":0,"uagb_excerpt":"Joaquim Maria Machado de Assis nasceu no Rio de Janeiro, em 21 de junho de 1839, numa sociedade escravista marcada por profundas divis\u00f5es raciais e sociais. Filho de Francisco Jos\u00e9 de Assis, pintor e dourador negro, e de Maria Leopoldina Machado de Assis, uma imigrante a\u00e7oriana, passou a inf\u00e2ncia no Morro do Livramento. Sua fam\u00edlia&hellip;","_links":{"self":[{"href":"https:\/\/contandohistorias.com.br\/index.php?rest_route=\/wp\/v2\/posts\/2601","targetHints":{"allow":["GET"]}}],"collection":[{"href":"https:\/\/contandohistorias.com.br\/index.php?rest_route=\/wp\/v2\/posts"}],"about":[{"href":"https:\/\/contandohistorias.com.br\/index.php?rest_route=\/wp\/v2\/types\/post"}],"author":[{"embeddable":true,"href":"https:\/\/contandohistorias.com.br\/index.php?rest_route=\/wp\/v2\/users\/1"}],"replies":[{"embeddable":true,"href":"https:\/\/contandohistorias.com.br\/index.php?rest_route=%2Fwp%2Fv2%2Fcomments&post=2601"}],"version-history":[{"count":1,"href":"https:\/\/contandohistorias.com.br\/index.php?rest_route=\/wp\/v2\/posts\/2601\/revisions"}],"predecessor-version":[{"id":2603,"href":"https:\/\/contandohistorias.com.br\/index.php?rest_route=\/wp\/v2\/posts\/2601\/revisions\/2603"}],"wp:featuredmedia":[{"embeddable":true,"href":"https:\/\/contandohistorias.com.br\/index.php?rest_route=\/wp\/v2\/media\/2602"}],"wp:attachment":[{"href":"https:\/\/contandohistorias.com.br\/index.php?rest_route=%2Fwp%2Fv2%2Fmedia&parent=2601"}],"wp:term":[{"taxonomy":"category","embeddable":true,"href":"https:\/\/contandohistorias.com.br\/index.php?rest_route=%2Fwp%2Fv2%2Fcategories&post=2601"},{"taxonomy":"post_tag","embeddable":true,"href":"https:\/\/contandohistorias.com.br\/index.php?rest_route=%2Fwp%2Fv2%2Ftags&post=2601"}],"curies":[{"name":"wp","href":"https:\/\/api.w.org\/{rel}","templated":true}]}}