{"id":275,"date":"2024-08-10T11:35:48","date_gmt":"2024-08-10T14:35:48","guid":{"rendered":"https:\/\/new.contandohistorias.com.br\/?p=275"},"modified":"2024-08-10T11:35:53","modified_gmt":"2024-08-10T14:35:53","slug":"meus-amigos","status":"publish","type":"post","link":"https:\/\/contandohistorias.com.br\/?p=275","title":{"rendered":"Meus Amigos&#8230;"},"content":{"rendered":"\n<p><em>Oscar Wilde<\/em><\/p>\n\n\n\n<figure class=\"wp-block-embed is-type-rich is-provider-incorporar-manipulador wp-block-embed-incorporar-manipulador\"><div class=\"wp-block-embed__wrapper\">\n<audio class=\"wp-audio-shortcode\" id=\"audio-275-1\" preload=\"none\" style=\"width: 100%;\" controls=\"controls\"><source type=\"audio\/mpeg\" src=\"https:\/\/www.contandohistorias.com.br\/mp3\/2004340.mp3?_=1\" \/><a href=\"https:\/\/www.contandohistorias.com.br\/mp3\/2004340.mp3\">https:\/\/www.contandohistorias.com.br\/mp3\/2004340.mp3<\/a><\/audio>\n<\/div><\/figure>\n\n\n\n<p>Escolho meus amigos n\u00e3o pela pele ou outro arqu\u00e9tipo qualquer, mas pela pupila. Tem que ter brilho questionador e tonalidade inquietante.<\/p>\n\n\n\n<p>A mim n\u00e3o interessam os bons de esp\u00edrito nem os maus de h\u00e1bitos. Fico com aqueles que fazem de mim louco e santo. Deles n\u00e3o quero resposta, quero meu avesso.<\/p>\n\n\n\n<p>Que me tragam d\u00favidas e ang\u00fastias e ag\u00fcentem o que h\u00e1 de pior em mim. Para isso s\u00f3 sendo louco. Quero-os santos, para que n\u00e3o duvidem das diferen\u00e7as e pe\u00e7am perd\u00e3o pelas injusti\u00e7as.<\/p>\n\n\n\n<p>Escolho meus amigos pela cara lavada e a alma exposta. N\u00e3o quero s\u00f3 o ombro ou o colo, quero tamb\u00e9m a sua maior alegria.<\/p>\n\n\n\n<p>Amigo que n\u00e3o ri junto n\u00e3o sabe sofrer junto.<\/p>\n\n\n\n<p>Meus amigos s\u00e3o todos assim: metade bobeira, metade seriedade. N\u00e3o quero risos previs\u00edveis nem choros piedosos. Quero amigos s\u00e9rios, daqueles que fazem da realidade sua fonte de aprendizagem, mas lutam para que a fantasia n\u00e3o desapare\u00e7a.<\/p>\n\n\n\n<p>N\u00e3o quero amigos adultos nem chatos. Quero-os metade inf\u00e2ncia e a outra metade velhice. Crian\u00e7as para que n\u00e3o esque\u00e7am o valor do vento no rosto e velhos para que nunca tenham pressa.<\/p>\n\n\n\n<p>Tenho amigos para saber quem eu sou. Pois vendo-os loucos e santos, bobos e s\u00e9rios, crian\u00e7as e velhos, nunca me esquecerei de que &#8220;normalidade&#8221; \u00e9 uma ilus\u00e3o imbecil e est\u00e9ril.<\/p>\n","protected":false},"excerpt":{"rendered":"<p>Oscar Wilde Escolho meus amigos n\u00e3o pela pele ou outro arqu\u00e9tipo qualquer, mas pela pupila. Tem que ter brilho questionador e tonalidade inquietante. A mim n\u00e3o interessam os bons de esp\u00edrito nem os maus de h\u00e1bitos. Fico com aqueles que fazem de mim louco e santo. Deles n\u00e3o quero resposta, quero meu avesso. Que me [&hellip;]<\/p>\n","protected":false},"author":1,"featured_media":0,"comment_status":"open","ping_status":"open","sticky":false,"template":"","format":"standard","meta":{"_uag_custom_page_level_css":"","footnotes":""},"categories":[4],"tags":[],"class_list":["post-275","post","type-post","status-publish","format-standard","hentry","category-historias","post-preview"],"uagb_featured_image_src":{"full":false,"thumbnail":false,"medium":false,"medium_large":false,"large":false,"1536x1536":false,"2048x2048":false,"post-image":false},"uagb_author_info":{"display_name":"Rubens","author_link":"https:\/\/contandohistorias.com.br\/?author=1"},"uagb_comment_info":0,"uagb_excerpt":"Oscar Wilde Escolho meus amigos n\u00e3o pela pele ou outro arqu\u00e9tipo qualquer, mas pela pupila. Tem que ter brilho questionador e tonalidade inquietante. A mim n\u00e3o interessam os bons de esp\u00edrito nem os maus de h\u00e1bitos. Fico com aqueles que fazem de mim louco e santo. Deles n\u00e3o quero resposta, quero meu avesso. Que me&hellip;","_links":{"self":[{"href":"https:\/\/contandohistorias.com.br\/index.php?rest_route=\/wp\/v2\/posts\/275","targetHints":{"allow":["GET"]}}],"collection":[{"href":"https:\/\/contandohistorias.com.br\/index.php?rest_route=\/wp\/v2\/posts"}],"about":[{"href":"https:\/\/contandohistorias.com.br\/index.php?rest_route=\/wp\/v2\/types\/post"}],"author":[{"embeddable":true,"href":"https:\/\/contandohistorias.com.br\/index.php?rest_route=\/wp\/v2\/users\/1"}],"replies":[{"embeddable":true,"href":"https:\/\/contandohistorias.com.br\/index.php?rest_route=%2Fwp%2Fv2%2Fcomments&post=275"}],"version-history":[{"count":1,"href":"https:\/\/contandohistorias.com.br\/index.php?rest_route=\/wp\/v2\/posts\/275\/revisions"}],"predecessor-version":[{"id":276,"href":"https:\/\/contandohistorias.com.br\/index.php?rest_route=\/wp\/v2\/posts\/275\/revisions\/276"}],"wp:attachment":[{"href":"https:\/\/contandohistorias.com.br\/index.php?rest_route=%2Fwp%2Fv2%2Fmedia&parent=275"}],"wp:term":[{"taxonomy":"category","embeddable":true,"href":"https:\/\/contandohistorias.com.br\/index.php?rest_route=%2Fwp%2Fv2%2Fcategories&post=275"},{"taxonomy":"post_tag","embeddable":true,"href":"https:\/\/contandohistorias.com.br\/index.php?rest_route=%2Fwp%2Fv2%2Ftags&post=275"}],"curies":[{"name":"wp","href":"https:\/\/api.w.org\/{rel}","templated":true}]}}