{"id":277,"date":"2024-08-10T11:36:26","date_gmt":"2024-08-10T14:36:26","guid":{"rendered":"https:\/\/new.contandohistorias.com.br\/?p=277"},"modified":"2024-08-10T11:36:32","modified_gmt":"2024-08-10T14:36:32","slug":"milho-bom","status":"publish","type":"post","link":"https:\/\/contandohistorias.com.br\/?p=277","title":{"rendered":"Milho Bom"},"content":{"rendered":"\n<figure class=\"wp-block-embed is-type-rich is-provider-incorporar-manipulador wp-block-embed-incorporar-manipulador\"><div class=\"wp-block-embed__wrapper\">\n<audio class=\"wp-audio-shortcode\" id=\"audio-277-1\" preload=\"none\" style=\"width: 100%;\" controls=\"controls\"><source type=\"audio\/mpeg\" src=\"https:\/\/www.contandohistorias.com.br\/mp3\/2004448.mp3?_=1\" \/><a href=\"https:\/\/www.contandohistorias.com.br\/mp3\/2004448.mp3\">https:\/\/www.contandohistorias.com.br\/mp3\/2004448.mp3<\/a><\/audio>\n<\/div><\/figure>\n\n\n\n<p>Esta \u00e9 a hist\u00f3ria de um fazendeiro que venceu o pr\u00eamio &#8220;milho-crescido&#8221;.<\/p>\n\n\n\n<p>Todo ano ele entrava com seu milho na feira e ganhava o maior pr\u00eamio.<\/p>\n\n\n\n<p>Uma vez um rep\u00f3rter de jornal o entrevistou e aprendeu algo interessante sobre como ele cultivou o milho.<\/p>\n\n\n\n<p>O rep\u00f3rter descobriu que o fazendeiro compartilhava a semente do milho dele com seus vizinhos.<\/p>\n\n\n\n<p>\u2014 Como pode voc\u00ea se dispor a compartilhar sua melhor semente de milho com seus vizinhos quando eles est\u00e3o competindo com o seu em cada ano? perguntou o rep\u00f3rter.<\/p>\n\n\n\n<p>\u2014 Por que? &#8211; disse o fazendeiro<\/p>\n\n\n\n<p>\u2014 Voc\u00ea n\u00e3o sabe? O vento apanha p\u00f3len do milho maduro e o leva atrav\u00e9s do vento de campo para campo. Se meu vizinhos cultivam milho inferior, a poliniza\u00e7\u00e3o degradar\u00e1 continuamente a qualidade de meu milho. Se eu for cultivar milho bom, eu tenho que ajudar meu vizinhos a cultivar milho bom.<\/p>\n\n\n\n<p>Ele era atento \u00e0s conectividades da vida.<\/p>\n\n\n\n<p>O milho dele n\u00e3o pode melhorar a menos que o milho do vizinho tamb\u00e9m melhore.<\/p>\n\n\n\n<p>Assim \u00e9 tamb\u00e9m em outras dimens\u00f5es.<\/p>\n\n\n\n<p>Aqueles que escolhem estar em paz devem fazer com que seus vizinhos estejam em paz.<\/p>\n\n\n\n<p>Aqueles que querem viver bem t\u00eam que ajudar os outros para que vivam bem.<\/p>\n\n\n\n<p>E aqueles que querem ser felizes t\u00eam que ajudar os outros a achar a felicidade, pois o bem-estar de cada um est\u00e1 ligado ao bem-estar de todos.<\/p>\n\n\n\n<p>A li\u00e7\u00e3o para cada um de n\u00f3s se formos cultivar milho bom, n\u00f3s temos que ajudar nossos vizinhos a cultivar milho bom.<\/p>\n\n\n\n<p><em>Colabora\u00e7\u00e3o: Renato Antunes Oliveira<\/em><\/p>\n","protected":false},"excerpt":{"rendered":"<p>Esta \u00e9 a hist\u00f3ria de um fazendeiro que venceu o pr\u00eamio &#8220;milho-crescido&#8221;. Todo ano ele entrava com seu milho na feira e ganhava o maior pr\u00eamio. Uma vez um rep\u00f3rter de jornal o entrevistou e aprendeu algo interessante sobre como ele cultivou o milho. O rep\u00f3rter descobriu que o fazendeiro compartilhava a semente do milho [&hellip;]<\/p>\n","protected":false},"author":1,"featured_media":0,"comment_status":"open","ping_status":"open","sticky":false,"template":"","format":"standard","meta":{"_uag_custom_page_level_css":"","footnotes":""},"categories":[4],"tags":[],"class_list":["post-277","post","type-post","status-publish","format-standard","hentry","category-historias","post-preview"],"uagb_featured_image_src":{"full":false,"thumbnail":false,"medium":false,"medium_large":false,"large":false,"1536x1536":false,"2048x2048":false,"post-image":false},"uagb_author_info":{"display_name":"Rubens","author_link":"https:\/\/contandohistorias.com.br\/?author=1"},"uagb_comment_info":0,"uagb_excerpt":"Esta \u00e9 a hist\u00f3ria de um fazendeiro que venceu o pr\u00eamio &#8220;milho-crescido&#8221;. Todo ano ele entrava com seu milho na feira e ganhava o maior pr\u00eamio. Uma vez um rep\u00f3rter de jornal o entrevistou e aprendeu algo interessante sobre como ele cultivou o milho. O rep\u00f3rter descobriu que o fazendeiro compartilhava a semente do milho&hellip;","_links":{"self":[{"href":"https:\/\/contandohistorias.com.br\/index.php?rest_route=\/wp\/v2\/posts\/277","targetHints":{"allow":["GET"]}}],"collection":[{"href":"https:\/\/contandohistorias.com.br\/index.php?rest_route=\/wp\/v2\/posts"}],"about":[{"href":"https:\/\/contandohistorias.com.br\/index.php?rest_route=\/wp\/v2\/types\/post"}],"author":[{"embeddable":true,"href":"https:\/\/contandohistorias.com.br\/index.php?rest_route=\/wp\/v2\/users\/1"}],"replies":[{"embeddable":true,"href":"https:\/\/contandohistorias.com.br\/index.php?rest_route=%2Fwp%2Fv2%2Fcomments&post=277"}],"version-history":[{"count":1,"href":"https:\/\/contandohistorias.com.br\/index.php?rest_route=\/wp\/v2\/posts\/277\/revisions"}],"predecessor-version":[{"id":278,"href":"https:\/\/contandohistorias.com.br\/index.php?rest_route=\/wp\/v2\/posts\/277\/revisions\/278"}],"wp:attachment":[{"href":"https:\/\/contandohistorias.com.br\/index.php?rest_route=%2Fwp%2Fv2%2Fmedia&parent=277"}],"wp:term":[{"taxonomy":"category","embeddable":true,"href":"https:\/\/contandohistorias.com.br\/index.php?rest_route=%2Fwp%2Fv2%2Fcategories&post=277"},{"taxonomy":"post_tag","embeddable":true,"href":"https:\/\/contandohistorias.com.br\/index.php?rest_route=%2Fwp%2Fv2%2Ftags&post=277"}],"curies":[{"name":"wp","href":"https:\/\/api.w.org\/{rel}","templated":true}]}}