{"id":319,"date":"2024-08-10T11:51:39","date_gmt":"2024-08-10T14:51:39","guid":{"rendered":"https:\/\/new.contandohistorias.com.br\/?p=319"},"modified":"2025-08-11T22:12:49","modified_gmt":"2025-08-12T01:12:49","slug":"o-medo-causado-pela-inteligencia","status":"publish","type":"post","link":"https:\/\/contandohistorias.com.br\/?p=319","title":{"rendered":"O medo causado pela intelig\u00eancia"},"content":{"rendered":"\n<figure class=\"wp-block-embed is-type-rich is-provider-incorporar-manipulador wp-block-embed-incorporar-manipulador\"><div class=\"wp-block-embed__wrapper\">\n<audio class=\"wp-audio-shortcode\" id=\"audio-319-1\" preload=\"none\" style=\"width: 100%;\" controls=\"controls\"><source type=\"audio\/mpeg\" src=\"https:\/\/www.contandohistorias.com.br\/mp3\/2006357.mp3?_=1\" \/><a href=\"https:\/\/www.contandohistorias.com.br\/mp3\/2006357.mp3\">https:\/\/www.contandohistorias.com.br\/mp3\/2006357.mp3<\/a><\/audio>\n<\/div><\/figure>\n\n\n\n<p>Quando Winston Churchill, ainda jovem, acabou de pronunciar seu discurso de estr\u00e9ia na C\u00e2mara dos Comuns, foi perguntar a um velho parlamentar, amigo de seu pai, o que tinha achado do seu primeiro desempenho naquela assembl\u00e9ia de vedetes pol\u00edticas.<\/p>\n\n\n\n<p>O velho p\u00f4s a m\u00e3o no ombro de Churchill e disse, em tom paternal:<\/p>\n\n\n\n<p>\u2014 Meu jovem, voc\u00ea cometeu um grande erro. Foi muito brilhante neste seu primeiro discurso na Casa. Isso \u00e9 imperdo\u00e1vel ! Devia ter come\u00e7ado um pouco mais na sombra. Devia ter gaguejado um pouco. Com a intelig\u00eancia que demonstrou hoje, deve ter conquistado, no m\u00ednimo, uns trinta inimigos. O talento assusta&#8221;.<\/p>\n\n\n\n<p>Ali estava uma das melhores li\u00e7\u00f5es de abismo que um velho s\u00e1bio p\u00f4de dar ao pupilo que se iniciava n&#8217;uma carreira dif\u00edcil.<\/p>\n\n\n\n<p>Isso, na Inglaterra.<\/p>\n\n\n\n<p>Imaginem aqui, no Brasil.<\/p>\n\n\n\n<p>N\u00e3o \u00e9 demais lembrar a famosa trova de Ruy Barbosa:<\/p>\n\n\n\n<blockquote class=\"wp-block-quote is-layout-flow wp-block-quote-is-layout-flow\">\n<p><em>H\u00e1 tantos burros mandando em homens de intelig\u00eancia,que, \u00e0s vezes, fico pensando que a burrice \u00e9 uma Ci\u00eancia&#8211; .<\/em><\/p>\n<\/blockquote>\n\n\n\n<p>A maior parte das pessoas encasteladas em posi\u00e7\u00f5es pol\u00edticas \u00e9 med\u00edocre e tem um indisfar\u00e7\u00e1vel medo da intelig\u00eancia. Temos de admitir que, de um modo geral, os med\u00edocres s\u00e3o mais obstinados na conquista de posi\u00e7\u00f5es.<\/p>\n\n\n\n<p>Sabem ocupar os espa\u00e7os vazios deixados pelos talentosos displicentes que n\u00e3o revelam o apetite do poder.<\/p>\n\n\n\n<p>Mas, \u00e9 preciso considerar que esses med\u00edocres ladinos, oportunistas e ambiciosos, t\u00eam o h\u00e1bito de salvaguardar suas posi\u00e7\u00f5es conquistadas com verdadeiras muralhas de granito por onde talentosos n\u00e3o conseguem passar.<\/p>\n\n\n\n<p>Em todas as \u00e1reas encontramos dessas fortalezas estabelecidas, as panelinhas do arrivismo, inexpugn\u00e1veis \u00e0s legi\u00f5es dos l\u00facidos. Dentro desse racioc\u00ednio, que poderia ser uma extens\u00e3o do &#8220;Elogio da Loucura&#8221;, de Erasmo de Roterdan, somos for\u00e7ados a admitir que uma pessoa precisa fingir de burra se quiser vencer neste grupos de mediocres .<\/p>\n\n\n\n<p>\u00c9 pecado fazer sombra a algu\u00e9m at\u00e9 numa conversa social. Assim como um grupo de senhoras burguesas bem casadas boicota, automaticamente, a entrada de uma jovem mulher bonita no seu c\u00edrculo de conviv\u00eancia,por medo de perder seus maridos, tamb\u00e9m os encastelados med\u00edocres se fecham como ostras, \u00e0 simples apari\u00e7\u00e3o de um talentoso jovem que os possa amea\u00e7ar.<\/p>\n\n\n\n<p>Eles conhecem bem suas limita\u00e7\u00f5es, sabem como lhes custa desempenhar tarefas que os mais dotados realizam com uma perna nas costas&#8230; Enfim, na medida em que admiram a facilidade com que os mais l\u00facidos resolvem problemas, os med\u00edocres os repudiam para se defender.<\/p>\n\n\n\n<p>\u00c9 um paradoxo angustiante !<\/p>\n\n\n\n<p>Infelizmente, temos de viver segundo essas regras absurdas que transformam a intelig\u00eancia numa esp\u00e9cie de desvantagem perante a vida. Como \u00e9 s\u00e1bio o velho conselho de Nelson Rodrigues&#8230;<\/p>\n\n\n\n<blockquote class=\"wp-block-quote is-layout-flow wp-block-quote-is-layout-flow\">\n<p><em>Finge-te de idiota, e ter\u00e1s o c\u00e9u e a terra&#8221;.<\/em><\/p>\n<\/blockquote>\n\n\n\n<p>O problema \u00e9 que os inteligentes gostam de brilhar!<\/p>\n\n\n\n<p>Que Deus nos proteja, ent\u00e3o, dos med\u00edocres!&#8230;<\/p>\n","protected":false},"excerpt":{"rendered":"<p>Quando Winston Churchill, ainda jovem, acabou de pronunciar seu discurso de estr\u00e9ia na C\u00e2mara dos Comuns, foi perguntar a um velho parlamentar, amigo de seu pai, o que tinha achado do seu primeiro desempenho naquela assembl\u00e9ia de vedetes pol\u00edticas. O velho p\u00f4s a m\u00e3o no ombro de Churchill e disse, em tom paternal: \u2014 Meu [&hellip;]<\/p>\n","protected":false},"author":1,"featured_media":2482,"comment_status":"open","ping_status":"open","sticky":false,"template":"","format":"standard","meta":{"_uag_custom_page_level_css":"","footnotes":""},"categories":[4],"tags":[],"class_list":["post-319","post","type-post","status-publish","format-standard","has-post-thumbnail","hentry","category-historias","post-preview"],"uagb_featured_image_src":{"full":["https:\/\/contandohistorias.com.br\/wp-content\/uploads\/2024\/08\/The_fear_caused_by_intelligence.webp",1456,816,false],"thumbnail":["https:\/\/contandohistorias.com.br\/wp-content\/uploads\/2024\/08\/The_fear_caused_by_intelligence-150x150.webp",150,150,true],"medium":["https:\/\/contandohistorias.com.br\/wp-content\/uploads\/2024\/08\/The_fear_caused_by_intelligence-300x168.webp",300,168,true],"medium_large":["https:\/\/contandohistorias.com.br\/wp-content\/uploads\/2024\/08\/The_fear_caused_by_intelligence-768x430.webp",676,378,true],"large":["https:\/\/contandohistorias.com.br\/wp-content\/uploads\/2024\/08\/The_fear_caused_by_intelligence-1024x574.webp",676,379,true],"1536x1536":["https:\/\/contandohistorias.com.br\/wp-content\/uploads\/2024\/08\/The_fear_caused_by_intelligence.webp",1456,816,false],"2048x2048":["https:\/\/contandohistorias.com.br\/wp-content\/uploads\/2024\/08\/The_fear_caused_by_intelligence.webp",1456,816,false],"post-image":["https:\/\/contandohistorias.com.br\/wp-content\/uploads\/2024\/08\/The_fear_caused_by_intelligence-676x379.webp",676,379,true]},"uagb_author_info":{"display_name":"Rubens","author_link":"https:\/\/contandohistorias.com.br\/?author=1"},"uagb_comment_info":0,"uagb_excerpt":"Quando Winston Churchill, ainda jovem, acabou de pronunciar seu discurso de estr\u00e9ia na C\u00e2mara dos Comuns, foi perguntar a um velho parlamentar, amigo de seu pai, o que tinha achado do seu primeiro desempenho naquela assembl\u00e9ia de vedetes pol\u00edticas. O velho p\u00f4s a m\u00e3o no ombro de Churchill e disse, em tom paternal: \u2014 Meu&hellip;","_links":{"self":[{"href":"https:\/\/contandohistorias.com.br\/index.php?rest_route=\/wp\/v2\/posts\/319","targetHints":{"allow":["GET"]}}],"collection":[{"href":"https:\/\/contandohistorias.com.br\/index.php?rest_route=\/wp\/v2\/posts"}],"about":[{"href":"https:\/\/contandohistorias.com.br\/index.php?rest_route=\/wp\/v2\/types\/post"}],"author":[{"embeddable":true,"href":"https:\/\/contandohistorias.com.br\/index.php?rest_route=\/wp\/v2\/users\/1"}],"replies":[{"embeddable":true,"href":"https:\/\/contandohistorias.com.br\/index.php?rest_route=%2Fwp%2Fv2%2Fcomments&post=319"}],"version-history":[{"count":1,"href":"https:\/\/contandohistorias.com.br\/index.php?rest_route=\/wp\/v2\/posts\/319\/revisions"}],"predecessor-version":[{"id":320,"href":"https:\/\/contandohistorias.com.br\/index.php?rest_route=\/wp\/v2\/posts\/319\/revisions\/320"}],"wp:featuredmedia":[{"embeddable":true,"href":"https:\/\/contandohistorias.com.br\/index.php?rest_route=\/wp\/v2\/media\/2482"}],"wp:attachment":[{"href":"https:\/\/contandohistorias.com.br\/index.php?rest_route=%2Fwp%2Fv2%2Fmedia&parent=319"}],"wp:term":[{"taxonomy":"category","embeddable":true,"href":"https:\/\/contandohistorias.com.br\/index.php?rest_route=%2Fwp%2Fv2%2Fcategories&post=319"},{"taxonomy":"post_tag","embeddable":true,"href":"https:\/\/contandohistorias.com.br\/index.php?rest_route=%2Fwp%2Fv2%2Ftags&post=319"}],"curies":[{"name":"wp","href":"https:\/\/api.w.org\/{rel}","templated":true}]}}