{"id":343,"date":"2024-08-10T20:34:01","date_gmt":"2024-08-10T23:34:01","guid":{"rendered":"https:\/\/new.contandohistorias.com.br\/?p=343"},"modified":"2024-08-10T20:34:06","modified_gmt":"2024-08-10T23:34:06","slug":"os-estatutos-do-homem","status":"publish","type":"post","link":"https:\/\/contandohistorias.com.br\/?p=343","title":{"rendered":"Os Estatutos do Homem"},"content":{"rendered":"\n<p><em>(Ato Institucional Permanente)<\/em><\/p>\n\n\n\n<p><strong><em>A Carlos Heitor Cony<\/em><\/strong><\/p>\n\n\n\n<h2 class=\"wp-block-heading\">Artigo I<\/h2>\n\n\n\n<p>Fica decretado que agora vale a verdade.<br>agora vale a vida,<br>e de m\u00e3os dadas,<br>marcharemos todos pela vida verdadeira.<br><\/p>\n\n\n\n<h2 class=\"wp-block-heading\">Artigo II<\/h2>\n\n\n\n<p>Fica decretado que todos os dias da semana,<br>inclusive as ter\u00e7as-feiras mais cinzentas,<br>t\u00eam direito a converter-se em manh\u00e3s de domingo.<\/p>\n\n\n\n<h2 class=\"wp-block-heading\">Artigo III<\/h2>\n\n\n\n<p>Fica decretado que, a partir deste instante,<br>haver\u00e1 girass\u00f3is em todas as janelas,<br>que os girass\u00f3is ter\u00e3o direito<br>a abrir-se dentro da sombra;<br>e que as janelas devem permanecer, o dia inteiro,<br>abertas para o verde onde cresce a esperan\u00e7a.<\/p>\n\n\n\n<h2 class=\"wp-block-heading\">Artigo IV<\/h2>\n\n\n\n<p>Fica decretado que o homem<br>n\u00e3o precisar\u00e1 nunca mais<br>duvidar do homem.<br>Que o homem confiar\u00e1 no homem<br>como a palmeira confia no vento,<br>como o vento confia no ar,<br>como o ar confia no campo azul do c\u00e9u.<\/p>\n\n\n\n<h2 class=\"wp-block-heading\">Par\u00e1grafo \u00fanico:<\/h2>\n\n\n\n<p>O homem, confiar\u00e1 no homem<br>como um menino confia em outro menino.<\/p>\n\n\n\n<h2 class=\"wp-block-heading\">Artigo V<\/h2>\n\n\n\n<p>Fica decretado que os homens<br>est\u00e3o livres do jugo da mentira.<br>Nunca mais ser\u00e1 preciso usar<br>a coura\u00e7a do sil\u00eancio<br>nem a armadura de palavras.<br>O homem se sentar\u00e1 \u00e0 mesa<br>com seu olhar limpo<br>porque a verdade passar\u00e1 a ser servida<br>antes da sobremesa.<\/p>\n\n\n\n<h2 class=\"wp-block-heading\">Artigo VI<\/h2>\n\n\n\n<p>Fica estabelecida, durante dez s\u00e9culos,<br>a pr\u00e1tica sonhada pelo profeta Isa\u00edas,<br>e o lobo e o cordeiro pastar\u00e3o juntos<br>e a comida de ambos ter\u00e1 o mesmo gosto de aurora.<\/p>\n\n\n\n<h2 class=\"wp-block-heading\">Artigo VII<\/h2>\n\n\n\n<p>Por decreto irrevog\u00e1vel fica estabelecido<br>o reinado permanente da justi\u00e7a e da claridade,<br>e a alegria ser\u00e1 uma bandeira generosa<br>para sempre desfraldada na alma do povo.<\/p>\n\n\n\n<h2 class=\"wp-block-heading\">Artigo VIII<\/h2>\n\n\n\n<p>Fica decretado que a maior dor<br>sempre foi e ser\u00e1 sempre<br>n\u00e3o poder dar-se amor a quem se ama<br>e saber que \u00e9 a \u00e1gua<br>que d\u00e1 \u00e0 planta o milagre da flor.<\/p>\n\n\n\n<h2 class=\"wp-block-heading\">Artigo IX<\/h2>\n\n\n\n<p>Fica permitido que o p\u00e3o de cada dia<br>tenha no homem o sinal de seu suor.<br>Mas que sobretudo tenha<br>sempre o quente sabor da ternura.<\/p>\n\n\n\n<h2 class=\"wp-block-heading\">Artigo X<\/h2>\n\n\n\n<p>Fica permitido a qualquer pessoa,<br>qualquer hora da vida,<br>uso do traje branco.<\/p>\n\n\n\n<h2 class=\"wp-block-heading\">Artigo XI<\/h2>\n\n\n\n<p>Fica decretado, por defini\u00e7\u00e3o,<br>que o homem \u00e9 um animal que ama<br>e que por isso \u00e9 belo,<br>muito mais belo que a estrela da manh\u00e3.<\/p>\n\n\n\n<h2 class=\"wp-block-heading\">Artigo XII<\/h2>\n\n\n\n<p>Decreta-se que nada ser\u00e1 obrigado<br>nem proibido,<br>tudo ser\u00e1 permitido,<br>inclusive brincar com os rinocerontes<br>e caminhar pelas tardes<br>com uma imensa beg\u00f4nia na lapela.<\/p>\n\n\n\n<p>Par\u00e1grafo \u00fanico:<br>S\u00f3 uma coisa fica proibida:<br>amar sem amor.<\/p>\n\n\n\n<h2 class=\"wp-block-heading\">Artigo XIII<\/h2>\n\n\n\n<p>Fica decretado que o dinheiro<br>n\u00e3o poder\u00e1 nunca mais comprar<br>o sol das manh\u00e3s vindouras.<br>Expulso do grande ba\u00fa do medo,<br>o dinheiro se transformar\u00e1 em uma espada fraternal<br>para defender o direito de cantar<br>e a festa do dia que chegou.<\/p>\n\n\n\n<h2 class=\"wp-block-heading\">Artigo Final.<\/h2>\n\n\n\n<p>Fica proibido o uso da palavra liberdade,<br>a qual ser\u00e1 suprimida dos dicion\u00e1rios<br>e do p\u00e2ntano enganoso das bocas.<br>A partir deste instante<br>a liberdade ser\u00e1 algo vivo e transparente<br>como um fogo ou um rio,<br>e a sua morada ser\u00e1 sempre<br>o cora\u00e7\u00e3o do homem.<br><\/p>\n","protected":false},"excerpt":{"rendered":"<p>(Ato Institucional Permanente) A Carlos Heitor Cony Artigo I Fica decretado que agora vale a verdade.agora vale a vida,e de m\u00e3os dadas,marcharemos todos pela vida verdadeira. Artigo II Fica decretado que todos os dias da semana,inclusive as ter\u00e7as-feiras mais cinzentas,t\u00eam direito a converter-se em manh\u00e3s de domingo. Artigo III Fica decretado que, a partir deste [&hellip;]<\/p>\n","protected":false},"author":1,"featured_media":0,"comment_status":"open","ping_status":"open","sticky":false,"template":"","format":"standard","meta":{"_uag_custom_page_level_css":"","footnotes":""},"categories":[4],"tags":[],"class_list":["post-343","post","type-post","status-publish","format-standard","hentry","category-historias","post-preview"],"uagb_featured_image_src":{"full":false,"thumbnail":false,"medium":false,"medium_large":false,"large":false,"1536x1536":false,"2048x2048":false,"post-image":false},"uagb_author_info":{"display_name":"Rubens","author_link":"https:\/\/contandohistorias.com.br\/?author=1"},"uagb_comment_info":0,"uagb_excerpt":"(Ato Institucional Permanente) A Carlos Heitor Cony Artigo I Fica decretado que agora vale a verdade.agora vale a vida,e de m\u00e3os dadas,marcharemos todos pela vida verdadeira. Artigo II Fica decretado que todos os dias da semana,inclusive as ter\u00e7as-feiras mais cinzentas,t\u00eam direito a converter-se em manh\u00e3s de domingo. Artigo III Fica decretado que, a partir deste&hellip;","_links":{"self":[{"href":"https:\/\/contandohistorias.com.br\/index.php?rest_route=\/wp\/v2\/posts\/343","targetHints":{"allow":["GET"]}}],"collection":[{"href":"https:\/\/contandohistorias.com.br\/index.php?rest_route=\/wp\/v2\/posts"}],"about":[{"href":"https:\/\/contandohistorias.com.br\/index.php?rest_route=\/wp\/v2\/types\/post"}],"author":[{"embeddable":true,"href":"https:\/\/contandohistorias.com.br\/index.php?rest_route=\/wp\/v2\/users\/1"}],"replies":[{"embeddable":true,"href":"https:\/\/contandohistorias.com.br\/index.php?rest_route=%2Fwp%2Fv2%2Fcomments&post=343"}],"version-history":[{"count":1,"href":"https:\/\/contandohistorias.com.br\/index.php?rest_route=\/wp\/v2\/posts\/343\/revisions"}],"predecessor-version":[{"id":344,"href":"https:\/\/contandohistorias.com.br\/index.php?rest_route=\/wp\/v2\/posts\/343\/revisions\/344"}],"wp:attachment":[{"href":"https:\/\/contandohistorias.com.br\/index.php?rest_route=%2Fwp%2Fv2%2Fmedia&parent=343"}],"wp:term":[{"taxonomy":"category","embeddable":true,"href":"https:\/\/contandohistorias.com.br\/index.php?rest_route=%2Fwp%2Fv2%2Fcategories&post=343"},{"taxonomy":"post_tag","embeddable":true,"href":"https:\/\/contandohistorias.com.br\/index.php?rest_route=%2Fwp%2Fv2%2Ftags&post=343"}],"curies":[{"name":"wp","href":"https:\/\/api.w.org\/{rel}","templated":true}]}}