{"id":37,"date":"2024-08-08T22:39:18","date_gmt":"2024-08-09T01:39:18","guid":{"rendered":"https:\/\/new.contandohistorias.com.br\/?p=37"},"modified":"2024-08-09T11:56:59","modified_gmt":"2024-08-09T14:56:59","slug":"a-arvore-morta","status":"publish","type":"post","link":"https:\/\/contandohistorias.com.br\/?p=37","title":{"rendered":"A \u00c1rvore Morta"},"content":{"rendered":"\n<figure class=\"wp-block-audio\"><audio controls src=\"https:\/\/www.contandohistorias.com.br\/mp3\/2006530.mp3\"><\/audio><\/figure>\n\n\n\n<p>Num inverno, quando eu ainda era crian\u00e7a, meu pai estava precisando de lenha. Procurou uma \u00e1rvore morta e a cortou.<\/p>\n\n\n\n<p>Mas, quando chegou a primavera, viu que no tronco daquela \u00e1rvore que tinha cortado, nasciam novos brotos. Meu pai ficou desolado.<\/p>\n\n\n\n<p>Ent\u00e3o ele disse:<\/p>\n\n\n\n<p>\u2014 Tinha certeza de que aquela \u00e1rvore estava morta. Perdera todas as folhas no inverno e fazia tanto frio que os galhos quebraram e ca\u00edram no ch\u00e3o, como se o velho tronco tivesse ficado sem vida. Mas agora percebo que ainda existia vida naquele tronco.<\/p>\n\n\n\n<p>Depois voltou-se para mim e aconselhou-me:<\/p>\n\n\n\n<p>\u2014 N\u00e3o esque\u00e7a esta li\u00e7\u00e3o. Nunca corte uma \u00e1rvore no inverno. N\u00e3o tome uma decis\u00e3o negativa no tempo adverso. Nunca tome decis\u00f5es importantes quando se sentir desanimado, deprimido e com o esp\u00edrito abatido. Espere. Seja paciente. A tormenta passar\u00e1. Lembre-se: a primavera voltar\u00e1!<\/p>\n\n\n\n<p><strong><em>(Autor desconhecido)<\/em><\/strong><\/p>\n\n\n\n<p><strong><em>Colabora\u00e7\u00e3o: Wilma Santiago<\/em><\/strong><\/p>\n","protected":false},"excerpt":{"rendered":"<p>Num inverno, quando eu ainda era crian\u00e7a, meu pai estava precisando de lenha. Procurou uma \u00e1rvore morta e a cortou. Mas, quando chegou a primavera, viu que no tronco daquela \u00e1rvore que tinha cortado, nasciam novos brotos. Meu pai ficou desolado. Ent\u00e3o ele disse: \u2014 Tinha certeza de que aquela \u00e1rvore estava morta. Perdera todas [&hellip;]<\/p>\n","protected":false},"author":1,"featured_media":0,"comment_status":"open","ping_status":"open","sticky":false,"template":"","format":"standard","meta":{"_uag_custom_page_level_css":"","footnotes":""},"categories":[4],"tags":[],"class_list":["post-37","post","type-post","status-publish","format-standard","hentry","category-historias","post-preview"],"uagb_featured_image_src":{"full":false,"thumbnail":false,"medium":false,"medium_large":false,"large":false,"1536x1536":false,"2048x2048":false,"post-image":false},"uagb_author_info":{"display_name":"Rubens","author_link":"https:\/\/contandohistorias.com.br\/?author=1"},"uagb_comment_info":0,"uagb_excerpt":"Num inverno, quando eu ainda era crian\u00e7a, meu pai estava precisando de lenha. Procurou uma \u00e1rvore morta e a cortou. Mas, quando chegou a primavera, viu que no tronco daquela \u00e1rvore que tinha cortado, nasciam novos brotos. Meu pai ficou desolado. Ent\u00e3o ele disse: \u2014 Tinha certeza de que aquela \u00e1rvore estava morta. Perdera todas&hellip;","_links":{"self":[{"href":"https:\/\/contandohistorias.com.br\/index.php?rest_route=\/wp\/v2\/posts\/37","targetHints":{"allow":["GET"]}}],"collection":[{"href":"https:\/\/contandohistorias.com.br\/index.php?rest_route=\/wp\/v2\/posts"}],"about":[{"href":"https:\/\/contandohistorias.com.br\/index.php?rest_route=\/wp\/v2\/types\/post"}],"author":[{"embeddable":true,"href":"https:\/\/contandohistorias.com.br\/index.php?rest_route=\/wp\/v2\/users\/1"}],"replies":[{"embeddable":true,"href":"https:\/\/contandohistorias.com.br\/index.php?rest_route=%2Fwp%2Fv2%2Fcomments&post=37"}],"version-history":[{"count":1,"href":"https:\/\/contandohistorias.com.br\/index.php?rest_route=\/wp\/v2\/posts\/37\/revisions"}],"predecessor-version":[{"id":38,"href":"https:\/\/contandohistorias.com.br\/index.php?rest_route=\/wp\/v2\/posts\/37\/revisions\/38"}],"wp:attachment":[{"href":"https:\/\/contandohistorias.com.br\/index.php?rest_route=%2Fwp%2Fv2%2Fmedia&parent=37"}],"wp:term":[{"taxonomy":"category","embeddable":true,"href":"https:\/\/contandohistorias.com.br\/index.php?rest_route=%2Fwp%2Fv2%2Fcategories&post=37"},{"taxonomy":"post_tag","embeddable":true,"href":"https:\/\/contandohistorias.com.br\/index.php?rest_route=%2Fwp%2Fv2%2Ftags&post=37"}],"curies":[{"name":"wp","href":"https:\/\/api.w.org\/{rel}","templated":true}]}}