{"id":380,"date":"2024-08-11T20:04:37","date_gmt":"2024-08-11T23:04:37","guid":{"rendered":"https:\/\/new.contandohistorias.com.br\/?p=380"},"modified":"2024-08-11T20:04:42","modified_gmt":"2024-08-11T23:04:42","slug":"precisa-se-de-materia-prima-para-construir-um-pais","status":"publish","type":"post","link":"https:\/\/contandohistorias.com.br\/?p=380","title":{"rendered":"Precisa-se: de Mat\u00e9ria Prima para construir um Pa\u00eds"},"content":{"rendered":"\n<p><strong><em>Jo\u00e3o Ubaldo Ribeiro<\/em><\/strong><\/p>\n\n\n\n<figure class=\"wp-block-embed is-type-rich is-provider-incorporar-manipulador wp-block-embed-incorporar-manipulador\"><div class=\"wp-block-embed__wrapper\">\n<audio class=\"wp-audio-shortcode\" id=\"audio-380-1\" preload=\"none\" style=\"width: 100%;\" controls=\"controls\"><source type=\"audio\/mpeg\" src=\"https:\/\/www.contandohistorias.com.br\/mp3\/2006650.mp3?_=1\" \/><a href=\"https:\/\/www.contandohistorias.com.br\/mp3\/2006650.mp3\">https:\/\/www.contandohistorias.com.br\/mp3\/2006650.mp3<\/a><\/audio>\n<\/div><\/figure>\n\n\n\n<p>A cren\u00e7a geral anterior era a de que Collor n\u00e3o servia, bem como Itamar e Fernando Henrique. Agora dizemos que Lula n\u00e3o serve. E o que vier depois de Lula tamb\u00e9m n\u00e3o servir\u00e1 para nada. Por isso estou come\u00e7ando a suspeitar que o problema n\u00e3o est\u00e1 no ladr\u00e3o corrupto que foi Collor, ou na farsa que \u00e9 o Lula.<\/p>\n\n\n\n<p>O problema est\u00e1 em n\u00f3s. N\u00f3s como POVO. N\u00f3s como mat\u00e9ria prima de um Pa\u00eds. Porque perten\u00e7o a um Pa\u00eds onde a &#8220;ESPERTEZA&#8221; \u00e9 a moeda que sempre \u00e9 valorizada, tanto ou mais do que o d\u00f3lar. Um Pa\u00eds onde ficar rico da noite para o dia \u00e9 uma virtude mais apreciada do que formar uma fam\u00edlia, baseada em valores e respeito aos demais. Perten\u00e7o a um Pa\u00eds onde, lamentavelmente, os jornais jamais poder\u00e3o ser vendidos como em outros Pa\u00edses, isto \u00e9, pondo umas caixas nas cal\u00e7adas onde se paga por um s\u00f3 jornal E SE TIRA UM S\u00d3 JORNAL, DEIXANDO OS DEMAIS ONDE EST\u00c3O.<\/p>\n\n\n\n<p>Perten\u00e7o ao Pa\u00eds onde as &#8220;EMPRESAS PRIVADAS&#8221; s\u00e3o papelarias particulares de seus empregados desonestos, que levam para casa, como se fosse correto, folhas de papel, l\u00e1pis, canetas, clipes e tudo o que possa ser \u00fatil para o trabalho dos filhos&#8230; e para eles mesmos. Perten\u00e7o a um Pa\u00eds onde a gente se sente o m\u00e1ximo porque conseguiu &#8220;puxar&#8221; a tev\u00ea a cabo do vizinho, onde a gente frauda a declara\u00e7\u00e3o de Imposto de Renda para n\u00e3o pagar ou pagar menos impostos.<\/p>\n\n\n\n<p>Perten\u00e7o a um Pa\u00eds onde a impontualidade \u00e9 um h\u00e1bito. Onde os diretores das empresas n\u00e3o valorizam o capital humano. Onde h\u00e1 pouco interesse pela ecologia, onde as pessoas atiram lixo nas ruas e depois reclama do governo por n\u00e3o limpar os esgotos. Onde pessoas fazem &#8220;gatos&#8221; para roubar luz e \u00e1gua e nos queixamos de como esses servi\u00e7os est\u00e3o caros. Onde n\u00e3o existe a cultura pela leitura (exemplo maior nosso atual Presidente, que recentemente falou que \u00e9 &#8220;muito chato ter que ler&#8221;) e n\u00e3o h\u00e1 consci\u00eancia nem mem\u00f3ria pol\u00edtica, hist\u00f3rica nem econ\u00f4mica. Onde nossos congressistas trabalham dois dias por semana para aprovar projetos e leis que s\u00f3 servem para afundar os que n\u00e3o t\u00eam, encher o saco dos que t\u00eam pouco e beneficiar s\u00f3 a alguns.<\/p>\n\n\n\n<p>Perten\u00e7o a um Pa\u00eds onde as carteiras de motorista e os certificados m\u00e9dicos podem ser &#8220;comprados&#8221;, sem fazer nenhum exame. Um Pa\u00eds onde uma pessoa de idade avan\u00e7ada, ou uma mulher com uma crian\u00e7a nos bra\u00e7os, ou um inv\u00e1lido, fica em p\u00e9 no \u00f4nibus, enquanto a pessoa que est\u00e1 sentada finge que dorme para n\u00e3o dar o lugar. Um Pa\u00eds no qual a prioridade de passagem \u00e9 para o carro e n\u00e3o para o pedestre.<\/p>\n\n\n\n<p>Um Pa\u00eds onde fazemos um monte de coisa errada, mas nos esbaldamos em criticar nossos governantes. Quanto mais analiso os defeitos do Fernando Henrique e do &#8220;Lula&#8221;, melhor me sinto como pessoa, apesar de que ainda ontem &#8220;molhei&#8221; a m\u00e3o de um guarda de tr\u00e2nsito para n\u00e3o ser multado. Quanto mais digo o quanto o Dirceu \u00e9 culpado, melhor sou eu como brasileiro, apesar de ainda hoje de manh\u00e3 passei para tr\u00e1s um cliente atrav\u00e9s de uma fraude, o que me ajudou a pagar algumas d\u00edvidas. N\u00e3o. N\u00e3o. N\u00e3o. J\u00e1 basta.<\/p>\n\n\n\n<p>Como &#8220;Mat\u00e9ria Prima&#8221; de um Pa\u00eds, temos muitas coisas boas, mas nos falta muito para sermos os homens e mulheres que nosso Pa\u00eds precisa. Esses defeitos, essa &#8220;ESPERTEZA BRASILEIRA&#8221; cong\u00eanita, essa desonestidade em pequena escala, que depois cresce e evolui at\u00e9 converter-se em casos de esc\u00e2ndalo, essa falta de qualidade humana, mais do que Collor, Itamar, Fernando Henrique ou Lula, \u00e9 que \u00e9 real e honestamente ruim, porque todos eles s\u00e3o brasileiros como n\u00f3s, ELEITOS POR N\u00d3S. Nascidos aqui, n\u00e3o em outra parte&#8230;<\/p>\n\n\n\n<p>Entriste\u00e7o-me. Porque, ainda que Lula renunciasse hoje mesmo, o pr\u00f3ximo presidente que o suceder ter\u00e1 que continuar trabalhando com a mesma mat\u00e9ria prima defeituosa que, como povo, somos n\u00f3s mesmos. E n\u00e3o poder\u00e1 fazer nada&#8230; N\u00e3o tenho nenhuma garantia de que algu\u00e9m o possa fazer melhor, mas enquanto algu\u00e9m n\u00e3o sinalizar um caminho destinado a erradicar primeiro os v\u00edcios que temos como povo, ningu\u00e9m servir\u00e1. Nem serviu Collor, nem serviu Itamar, n\u00e3o serviu Fernando Henrique, e nem serve Lula, nem servir\u00e1 o que vier.<\/p>\n\n\n\n<p>Qual \u00e9 a alternativa? Precisamos de mais um ditador, para que nos fa\u00e7a cumprir a lei com a for\u00e7a e por meio do terror? Aqui faz falta outra coisa. E enquanto essa &#8220;outra coisa&#8221; n\u00e3o comece a surgir de baixo para cima, ou de cima para baixo, ou do centro para os lados, ou como queiram, seguiremos igualmente condenados, igualmente estancados&#8230; igualmente sacaneados!!! \u00c9 muito gostoso ser brasileiro. Mas quando essa brasilidade aut\u00f3ctone come\u00e7a a ser um empecilho \u00e0s nossas possibilidades de desenvolvimento como Na\u00e7\u00e3o, a\u00ed a coisa muda&#8230; N\u00e3o esperemos acender uma vela a todos os Santos, a ver se nos mandam um Messias.<\/p>\n\n\n\n<p>N\u00f3s temos que mudar, um novo governador com os mesmos brasileiros n\u00e3o poder\u00e1 fazer nada. Est\u00e1 muito claro&#8230; Somos n\u00f3s os que temos que mudar. Sim, creio que isso encaixa muito bem em tudo o que anda nos acontecendo: desculpamos a mediocridade mediante programas de televis\u00e3o nefastos e francamente tolerantes com o fracasso. \u00c9 a ind\u00fastria da desculpa e da estupidez.<\/p>\n\n\n\n<p>Agora, depois desta mensagem, francamente decidi procurar o respons\u00e1vel, n\u00e3o para castig\u00e1-lo, sen\u00e3o para exigir-lhe (sim, exigir-lhe) que melhore seu comportamento e que n\u00e3o se fa\u00e7a de surdo, de desentendido. Sim, decidi procurar o respons\u00e1vel e ESTOU SEGURO QUE O ENCONTRAREI QUANDO EU OLHAR-ME NO ESPELHO. A\u00cd EST\u00c1. N\u00c3O PRECISO PROCUR\u00c1-LO EM OUTRO LADO.<\/p>\n","protected":false},"excerpt":{"rendered":"<p>Jo\u00e3o Ubaldo Ribeiro A cren\u00e7a geral anterior era a de que Collor n\u00e3o servia, bem como Itamar e Fernando Henrique. Agora dizemos que Lula n\u00e3o serve. E o que vier depois de Lula tamb\u00e9m n\u00e3o servir\u00e1 para nada. Por isso estou come\u00e7ando a suspeitar que o problema n\u00e3o est\u00e1 no ladr\u00e3o corrupto que foi Collor, [&hellip;]<\/p>\n","protected":false},"author":1,"featured_media":0,"comment_status":"open","ping_status":"open","sticky":false,"template":"","format":"standard","meta":{"_uag_custom_page_level_css":"","footnotes":""},"categories":[4],"tags":[],"class_list":["post-380","post","type-post","status-publish","format-standard","hentry","category-historias","post-preview"],"uagb_featured_image_src":{"full":false,"thumbnail":false,"medium":false,"medium_large":false,"large":false,"1536x1536":false,"2048x2048":false,"post-image":false},"uagb_author_info":{"display_name":"Rubens","author_link":"https:\/\/contandohistorias.com.br\/?author=1"},"uagb_comment_info":0,"uagb_excerpt":"Jo\u00e3o Ubaldo Ribeiro A cren\u00e7a geral anterior era a de que Collor n\u00e3o servia, bem como Itamar e Fernando Henrique. Agora dizemos que Lula n\u00e3o serve. E o que vier depois de Lula tamb\u00e9m n\u00e3o servir\u00e1 para nada. Por isso estou come\u00e7ando a suspeitar que o problema n\u00e3o est\u00e1 no ladr\u00e3o corrupto que foi Collor,&hellip;","_links":{"self":[{"href":"https:\/\/contandohistorias.com.br\/index.php?rest_route=\/wp\/v2\/posts\/380","targetHints":{"allow":["GET"]}}],"collection":[{"href":"https:\/\/contandohistorias.com.br\/index.php?rest_route=\/wp\/v2\/posts"}],"about":[{"href":"https:\/\/contandohistorias.com.br\/index.php?rest_route=\/wp\/v2\/types\/post"}],"author":[{"embeddable":true,"href":"https:\/\/contandohistorias.com.br\/index.php?rest_route=\/wp\/v2\/users\/1"}],"replies":[{"embeddable":true,"href":"https:\/\/contandohistorias.com.br\/index.php?rest_route=%2Fwp%2Fv2%2Fcomments&post=380"}],"version-history":[{"count":1,"href":"https:\/\/contandohistorias.com.br\/index.php?rest_route=\/wp\/v2\/posts\/380\/revisions"}],"predecessor-version":[{"id":381,"href":"https:\/\/contandohistorias.com.br\/index.php?rest_route=\/wp\/v2\/posts\/380\/revisions\/381"}],"wp:attachment":[{"href":"https:\/\/contandohistorias.com.br\/index.php?rest_route=%2Fwp%2Fv2%2Fmedia&parent=380"}],"wp:term":[{"taxonomy":"category","embeddable":true,"href":"https:\/\/contandohistorias.com.br\/index.php?rest_route=%2Fwp%2Fv2%2Fcategories&post=380"},{"taxonomy":"post_tag","embeddable":true,"href":"https:\/\/contandohistorias.com.br\/index.php?rest_route=%2Fwp%2Fv2%2Ftags&post=380"}],"curies":[{"name":"wp","href":"https:\/\/api.w.org\/{rel}","templated":true}]}}