{"id":416,"date":"2024-08-11T20:24:50","date_gmt":"2024-08-11T23:24:50","guid":{"rendered":"https:\/\/new.contandohistorias.com.br\/?p=416"},"modified":"2024-08-11T20:24:56","modified_gmt":"2024-08-11T23:24:56","slug":"ter-coragem","status":"publish","type":"post","link":"https:\/\/contandohistorias.com.br\/?p=416","title":{"rendered":"Ter Coragem"},"content":{"rendered":"\n<p><em>John F. Kennedy<\/em><\/p>\n\n\n\n<figure class=\"wp-block-embed is-type-rich is-provider-incorporar-manipulador wp-block-embed-incorporar-manipulador\"><div class=\"wp-block-embed__wrapper\">\n<audio class=\"wp-audio-shortcode\" id=\"audio-416-1\" preload=\"none\" style=\"width: 100%;\" controls=\"controls\"><source type=\"audio\/mpeg\" src=\"https:\/\/www.contandohistorias.com.br\/mp3\/013.mp3?_=1\" \/><a href=\"https:\/\/www.contandohistorias.com.br\/mp3\/013.mp3\">https:\/\/www.contandohistorias.com.br\/mp3\/013.mp3<\/a><\/audio>\n<\/div><\/figure>\n\n\n\n<p>Ter coragem n\u00e3o \u00e9 algo que<br>requeira qualifica\u00e7\u00f5es excepcionais,<br>f\u00f3rmulas m\u00e1gicas,<br>nem combina\u00e7\u00f5es especiais de hora,<br>lugar e circunst\u00e2ncia.<br>\u00c9 uma oportunidade que mais cedo ou mais tarde<br>\u00e9 apresentada para cada um de n\u00f3s.&#8221;<\/p>\n","protected":false},"excerpt":{"rendered":"<p>John F. Kennedy Ter coragem n\u00e3o \u00e9 algo querequeira qualifica\u00e7\u00f5es excepcionais,f\u00f3rmulas m\u00e1gicas,nem combina\u00e7\u00f5es especiais de hora,lugar e circunst\u00e2ncia.\u00c9 uma oportunidade que mais cedo ou mais tarde\u00e9 apresentada para cada um de n\u00f3s.&#8221;<\/p>\n","protected":false},"author":1,"featured_media":0,"comment_status":"open","ping_status":"open","sticky":false,"template":"","format":"standard","meta":{"_uag_custom_page_level_css":"","footnotes":""},"categories":[4],"tags":[],"class_list":["post-416","post","type-post","status-publish","format-standard","hentry","category-historias","post-preview"],"uagb_featured_image_src":{"full":false,"thumbnail":false,"medium":false,"medium_large":false,"large":false,"1536x1536":false,"2048x2048":false,"post-image":false},"uagb_author_info":{"display_name":"Rubens","author_link":"https:\/\/contandohistorias.com.br\/?author=1"},"uagb_comment_info":0,"uagb_excerpt":"John F. Kennedy Ter coragem n\u00e3o \u00e9 algo querequeira qualifica\u00e7\u00f5es excepcionais,f\u00f3rmulas m\u00e1gicas,nem combina\u00e7\u00f5es especiais de hora,lugar e circunst\u00e2ncia.\u00c9 uma oportunidade que mais cedo ou mais tarde\u00e9 apresentada para cada um de n\u00f3s.&#8221;","_links":{"self":[{"href":"https:\/\/contandohistorias.com.br\/index.php?rest_route=\/wp\/v2\/posts\/416","targetHints":{"allow":["GET"]}}],"collection":[{"href":"https:\/\/contandohistorias.com.br\/index.php?rest_route=\/wp\/v2\/posts"}],"about":[{"href":"https:\/\/contandohistorias.com.br\/index.php?rest_route=\/wp\/v2\/types\/post"}],"author":[{"embeddable":true,"href":"https:\/\/contandohistorias.com.br\/index.php?rest_route=\/wp\/v2\/users\/1"}],"replies":[{"embeddable":true,"href":"https:\/\/contandohistorias.com.br\/index.php?rest_route=%2Fwp%2Fv2%2Fcomments&post=416"}],"version-history":[{"count":1,"href":"https:\/\/contandohistorias.com.br\/index.php?rest_route=\/wp\/v2\/posts\/416\/revisions"}],"predecessor-version":[{"id":417,"href":"https:\/\/contandohistorias.com.br\/index.php?rest_route=\/wp\/v2\/posts\/416\/revisions\/417"}],"wp:attachment":[{"href":"https:\/\/contandohistorias.com.br\/index.php?rest_route=%2Fwp%2Fv2%2Fmedia&parent=416"}],"wp:term":[{"taxonomy":"category","embeddable":true,"href":"https:\/\/contandohistorias.com.br\/index.php?rest_route=%2Fwp%2Fv2%2Fcategories&post=416"},{"taxonomy":"post_tag","embeddable":true,"href":"https:\/\/contandohistorias.com.br\/index.php?rest_route=%2Fwp%2Fv2%2Ftags&post=416"}],"curies":[{"name":"wp","href":"https:\/\/api.w.org\/{rel}","templated":true}]}}