{"id":474,"date":"2024-08-11T20:43:47","date_gmt":"2024-08-11T23:43:47","guid":{"rendered":"https:\/\/new.contandohistorias.com.br\/?p=474"},"modified":"2024-08-11T20:43:52","modified_gmt":"2024-08-11T23:43:52","slug":"a-arvore-da-amizade-sob-as-intemperies-da-vida","status":"publish","type":"post","link":"https:\/\/contandohistorias.com.br\/?p=474","title":{"rendered":"A \u00c1rvore da Amizade sob as Intemp\u00e9ries da Vida"},"content":{"rendered":"\n<p><em>Ricardo Barros<\/em><\/p>\n\n\n\n<figure class=\"wp-block-embed is-type-rich is-provider-incorporar-manipulador wp-block-embed-incorporar-manipulador\"><div class=\"wp-block-embed__wrapper\">\n<audio class=\"wp-audio-shortcode\" id=\"audio-474-1\" preload=\"none\" style=\"width: 100%;\" controls=\"controls\"><source type=\"audio\/mpeg\" src=\"https:\/\/www.contandohistorias.com.br\/mp3\/2006401.mp3?_=1\" \/><a href=\"https:\/\/www.contandohistorias.com.br\/mp3\/2006401.mp3\">https:\/\/www.contandohistorias.com.br\/mp3\/2006401.mp3<\/a><\/audio>\n<\/div><\/figure>\n\n\n\n<p>A vida \u00e9 um jardim onde florescem \u00e1rvores variadas. Uma delas chama-se \u00e1rvore das amizades que, de vez em quando, a gente precisa balan\u00e7ar para ca\u00edrem as podres pois sabemos ser essa \u00e1rvore muito resistente \u00e0s diversas esta\u00e7\u00f5es da vida cujas intemp\u00e9ries fazem apodrecer os frutos inconsistentes.<\/p>\n\n\n\n<p>As intemp\u00e9ries que as submetem s\u00e3o, a prova\u00e7\u00e3o, o interesse pr\u00f3prio e o medo.<\/p>\n\n\n\n<p>A prova\u00e7\u00e3o deixa-nos indefesos, ainda que temporariamente, mas os frutos bons n\u00e3o se estragam com essa situa\u00e7\u00e3o.<\/p>\n\n\n\n<p>Toda prova\u00e7\u00e3o tem uma medida certa, uma dosagem adequada \u00e0 vida para nos florescer a esperan\u00e7a, a experi\u00eancia e a for\u00e7a [resist\u00eancia].<\/p>\n\n\n\n<p>Os frutos cuja ess\u00eancia \u00e9 apenas o interesse pr\u00f3prio apodrecem indefinidamente.<\/p>\n\n\n\n<p>O interesse pr\u00f3prio \u00e9 a ess\u00eancia do orgulho e este se enfraquece na prova\u00e7\u00e3o.<\/p>\n\n\n\n<p>Submete-se ao poder da esperan\u00e7a, da experi\u00eancia e da for\u00e7a e assim surge o medo.<\/p>\n\n\n\n<p>O medo \u00e9 a dire\u00e7\u00e3o do orgulho que desconhece a resigna\u00e7\u00e3o, a temperan\u00e7a, a prud\u00eancia e a perseveran\u00e7a.<\/p>\n\n\n\n<p>\u00c9 o advers\u00e1rio da f\u00e9.<\/p>\n\n\n\n<p>No meio da prova\u00e7\u00e3o o interesse pr\u00f3prio \u00e9 desmascarado e o medo denuncia as amizades podres.<\/p>\n\n\n\n<p>De vez em quando precisamos balan\u00e7ar [observar] posto que, em verdade \u00e9 a pr\u00f3pria vida que se encarrega disso.<\/p>\n\n\n\n<p>Devemos apenas estar atentos e aprender a crescer quando essas intemp\u00e9ries se nos apresentarem.<\/p>\n\n\n\n<p><em>Como a teoria da evolu\u00e7\u00e3o das esp\u00e9cies, atrav\u00e9s da sele\u00e7\u00e3o natural, a \u00e1rvore das amizades tamb\u00e9m seleciona os frutos que devem permanecer.<\/em><\/p>\n\n\n\n<p><em>Colabora\u00e7\u00e3o de Renato J. G. Filho<\/em><\/p>\n","protected":false},"excerpt":{"rendered":"<p>Ricardo Barros A vida \u00e9 um jardim onde florescem \u00e1rvores variadas. Uma delas chama-se \u00e1rvore das amizades que, de vez em quando, a gente precisa balan\u00e7ar para ca\u00edrem as podres pois sabemos ser essa \u00e1rvore muito resistente \u00e0s diversas esta\u00e7\u00f5es da vida cujas intemp\u00e9ries fazem apodrecer os frutos inconsistentes. As intemp\u00e9ries que as submetem s\u00e3o, [&hellip;]<\/p>\n","protected":false},"author":1,"featured_media":0,"comment_status":"open","ping_status":"open","sticky":false,"template":"","format":"standard","meta":{"_uag_custom_page_level_css":"","footnotes":""},"categories":[4],"tags":[],"class_list":["post-474","post","type-post","status-publish","format-standard","hentry","category-historias","post-preview"],"uagb_featured_image_src":{"full":false,"thumbnail":false,"medium":false,"medium_large":false,"large":false,"1536x1536":false,"2048x2048":false,"post-image":false},"uagb_author_info":{"display_name":"Rubens","author_link":"https:\/\/contandohistorias.com.br\/?author=1"},"uagb_comment_info":0,"uagb_excerpt":"Ricardo Barros A vida \u00e9 um jardim onde florescem \u00e1rvores variadas. Uma delas chama-se \u00e1rvore das amizades que, de vez em quando, a gente precisa balan\u00e7ar para ca\u00edrem as podres pois sabemos ser essa \u00e1rvore muito resistente \u00e0s diversas esta\u00e7\u00f5es da vida cujas intemp\u00e9ries fazem apodrecer os frutos inconsistentes. As intemp\u00e9ries que as submetem s\u00e3o,&hellip;","_links":{"self":[{"href":"https:\/\/contandohistorias.com.br\/index.php?rest_route=\/wp\/v2\/posts\/474","targetHints":{"allow":["GET"]}}],"collection":[{"href":"https:\/\/contandohistorias.com.br\/index.php?rest_route=\/wp\/v2\/posts"}],"about":[{"href":"https:\/\/contandohistorias.com.br\/index.php?rest_route=\/wp\/v2\/types\/post"}],"author":[{"embeddable":true,"href":"https:\/\/contandohistorias.com.br\/index.php?rest_route=\/wp\/v2\/users\/1"}],"replies":[{"embeddable":true,"href":"https:\/\/contandohistorias.com.br\/index.php?rest_route=%2Fwp%2Fv2%2Fcomments&post=474"}],"version-history":[{"count":1,"href":"https:\/\/contandohistorias.com.br\/index.php?rest_route=\/wp\/v2\/posts\/474\/revisions"}],"predecessor-version":[{"id":475,"href":"https:\/\/contandohistorias.com.br\/index.php?rest_route=\/wp\/v2\/posts\/474\/revisions\/475"}],"wp:attachment":[{"href":"https:\/\/contandohistorias.com.br\/index.php?rest_route=%2Fwp%2Fv2%2Fmedia&parent=474"}],"wp:term":[{"taxonomy":"category","embeddable":true,"href":"https:\/\/contandohistorias.com.br\/index.php?rest_route=%2Fwp%2Fv2%2Fcategories&post=474"},{"taxonomy":"post_tag","embeddable":true,"href":"https:\/\/contandohistorias.com.br\/index.php?rest_route=%2Fwp%2Fv2%2Ftags&post=474"}],"curies":[{"name":"wp","href":"https:\/\/api.w.org\/{rel}","templated":true}]}}