{"id":515,"date":"2024-08-12T19:33:17","date_gmt":"2024-08-12T22:33:17","guid":{"rendered":"https:\/\/new.contandohistorias.com.br\/?p=515"},"modified":"2024-08-12T19:33:20","modified_gmt":"2024-08-12T22:33:20","slug":"acreditar-e-agir","status":"publish","type":"post","link":"https:\/\/contandohistorias.com.br\/?p=515","title":{"rendered":"Acreditar e Agir"},"content":{"rendered":"\n<figure class=\"wp-block-embed is-type-rich is-provider-incorporar-manipulador wp-block-embed-incorporar-manipulador\"><div class=\"wp-block-embed__wrapper\">\n<audio class=\"wp-audio-shortcode\" id=\"audio-515-1\" preload=\"none\" style=\"width: 100%;\" controls=\"controls\"><source type=\"audio\/mpeg\" src=\"https:\/\/www.contandohistorias.com.br\/mp3\/2006578.mp3?_=1\" \/><a href=\"https:\/\/www.contandohistorias.com.br\/mp3\/2006578.mp3\">https:\/\/www.contandohistorias.com.br\/mp3\/2006578.mp3<\/a><\/audio>\n<\/div><\/figure>\n\n\n\n<p>Um viajante caminhava pelas margens de um grande lago de \u00e1guas cristalinas e imaginava uma forma de chegar at\u00e9 o outro lado, onde era seu destino.<\/p>\n\n\n\n<p>Suspirou profundamente enquanto tentava fixar o olhar no horizonte. A voz de um homem de cabelos brancos quebrou o sil\u00eancio moment\u00e2neo, oferecendo-se para transport\u00e1-lo. Era um barqueiro.<\/p>\n\n\n\n<p>O pequeno barco envelhecido, no qual a travessia seria realizada, era provido de dois remos de madeira de carvalho.<\/p>\n\n\n\n<p>O viajante olhou detidamente e percebeu o que pareciam ser letras em cada remo. Ao colocar os p\u00e9s empoeirados dentro do barco, observou que eram mesmo duas palavras.<\/p>\n\n\n\n<p>Num dos remos estava entalhada a palavra acreditar e no outro, agir.<\/p>\n\n\n\n<p>N\u00e3o podendo conter a curiosidade, perguntou a raz\u00e3o daqueles nomes originais dados aos remos.<\/p>\n\n\n\n<p>O barqueiro pegou o remo, no qual estava escrito acreditar, e remou com toda for\u00e7a.<\/p>\n\n\n\n<p>O barco, ent\u00e3o, come\u00e7ou a dar voltas, sem sair do lugar em que estava.<\/p>\n\n\n\n<p>Em seguida, pegou o remo em que estava escrito agir e remou com todo vigor.<\/p>\n\n\n\n<p>Novamente o barco girou em sentido oposto, sem ir adiante.<\/p>\n\n\n\n<p>Finalmente, o velho barqueiro, segurando os dois remos, movimentou-os ao mesmo tempo e o barco, impulsionado por ambos os lados, navegou atrav\u00e9s das \u00e1guas do lago, chegando calmamente \u00e0 outra margem.<\/p>\n\n\n\n<p>Ent\u00e3o, o barqueiro disse ao viajante:<\/p>\n\n\n\n<p>Este barco pode ser chamado de autoconfian\u00e7a. E a margem \u00e9 a meta que desejamos atingir.<\/p>\n\n\n\n<p>Para que o barco da autoconfian\u00e7a navegue seguro e alcance a meta pretendida, \u00e9 preciso que utilizemos os dois remos, ao mesmo tempo, e com a mesma intensidade: agir e acreditar.<\/p>\n\n\n\n<p>N\u00e3o basta apenas acreditar, sen\u00e3o o barco ficar\u00e1 rodando em c\u00edrculos. \u00c9 preciso tamb\u00e9m agir, para moviment\u00e1-lo na dire\u00e7\u00e3o que nos levar\u00e1 a alcan\u00e7ar a nossa meta.<\/p>\n\n\n\n<p>Agir e acreditar. Impulsionar os remos com for\u00e7a e com vontade, superando as ondas e os vendavais e n\u00e3o esquecer que, por vezes, \u00e9 preciso remar contra a mar\u00e9.<\/p>\n\n\n\n<p>Fonte:&nbsp;<a href=\"http:\/\/www.momento.com.br\/\">www.momento.com.br<\/a><\/p>\n\n\n\n<p><strong><em>Equipe de Reda\u00e7\u00e3o do Momento Esp\u00edrita<\/em><\/strong><\/p>\n\n\n\n<p><strong><em>Colabora\u00e7\u00e3o de Wilma Santiago<\/em><\/strong><\/p>\n","protected":false},"excerpt":{"rendered":"<p>Um viajante caminhava pelas margens de um grande lago de \u00e1guas cristalinas e imaginava uma forma de chegar at\u00e9 o outro lado, onde era seu destino. Suspirou profundamente enquanto tentava fixar o olhar no horizonte. A voz de um homem de cabelos brancos quebrou o sil\u00eancio moment\u00e2neo, oferecendo-se para transport\u00e1-lo. Era um barqueiro. O pequeno [&hellip;]<\/p>\n","protected":false},"author":1,"featured_media":0,"comment_status":"open","ping_status":"open","sticky":false,"template":"","format":"standard","meta":{"_uag_custom_page_level_css":"","footnotes":""},"categories":[4],"tags":[],"class_list":["post-515","post","type-post","status-publish","format-standard","hentry","category-historias","post-preview"],"uagb_featured_image_src":{"full":false,"thumbnail":false,"medium":false,"medium_large":false,"large":false,"1536x1536":false,"2048x2048":false,"post-image":false},"uagb_author_info":{"display_name":"Rubens","author_link":"https:\/\/contandohistorias.com.br\/?author=1"},"uagb_comment_info":0,"uagb_excerpt":"Um viajante caminhava pelas margens de um grande lago de \u00e1guas cristalinas e imaginava uma forma de chegar at\u00e9 o outro lado, onde era seu destino. Suspirou profundamente enquanto tentava fixar o olhar no horizonte. A voz de um homem de cabelos brancos quebrou o sil\u00eancio moment\u00e2neo, oferecendo-se para transport\u00e1-lo. Era um barqueiro. O pequeno&hellip;","_links":{"self":[{"href":"https:\/\/contandohistorias.com.br\/index.php?rest_route=\/wp\/v2\/posts\/515","targetHints":{"allow":["GET"]}}],"collection":[{"href":"https:\/\/contandohistorias.com.br\/index.php?rest_route=\/wp\/v2\/posts"}],"about":[{"href":"https:\/\/contandohistorias.com.br\/index.php?rest_route=\/wp\/v2\/types\/post"}],"author":[{"embeddable":true,"href":"https:\/\/contandohistorias.com.br\/index.php?rest_route=\/wp\/v2\/users\/1"}],"replies":[{"embeddable":true,"href":"https:\/\/contandohistorias.com.br\/index.php?rest_route=%2Fwp%2Fv2%2Fcomments&post=515"}],"version-history":[{"count":1,"href":"https:\/\/contandohistorias.com.br\/index.php?rest_route=\/wp\/v2\/posts\/515\/revisions"}],"predecessor-version":[{"id":516,"href":"https:\/\/contandohistorias.com.br\/index.php?rest_route=\/wp\/v2\/posts\/515\/revisions\/516"}],"wp:attachment":[{"href":"https:\/\/contandohistorias.com.br\/index.php?rest_route=%2Fwp%2Fv2%2Fmedia&parent=515"}],"wp:term":[{"taxonomy":"category","embeddable":true,"href":"https:\/\/contandohistorias.com.br\/index.php?rest_route=%2Fwp%2Fv2%2Fcategories&post=515"},{"taxonomy":"post_tag","embeddable":true,"href":"https:\/\/contandohistorias.com.br\/index.php?rest_route=%2Fwp%2Fv2%2Ftags&post=515"}],"curies":[{"name":"wp","href":"https:\/\/api.w.org\/{rel}","templated":true}]}}