{"id":519,"date":"2024-08-12T19:34:25","date_gmt":"2024-08-12T22:34:25","guid":{"rendered":"https:\/\/new.contandohistorias.com.br\/?p=519"},"modified":"2024-08-12T19:34:29","modified_gmt":"2024-08-12T22:34:29","slug":"a-critica","status":"publish","type":"post","link":"https:\/\/contandohistorias.com.br\/?p=519","title":{"rendered":"A Cr\u00edtica"},"content":{"rendered":"\n<figure class=\"wp-block-embed is-type-rich is-provider-incorporar-manipulador wp-block-embed-incorporar-manipulador\"><div class=\"wp-block-embed__wrapper\">\n<audio class=\"wp-audio-shortcode\" id=\"audio-519-1\" preload=\"none\" style=\"width: 100%;\" controls=\"controls\"><source type=\"audio\/mpeg\" src=\"https:\/\/www.contandohistorias.com.br\/mp3\/2006431.mp3?_=1\" \/><a href=\"https:\/\/www.contandohistorias.com.br\/mp3\/2006431.mp3\">https:\/\/www.contandohistorias.com.br\/mp3\/2006431.mp3<\/a><\/audio>\n<\/div><\/figure>\n\n\n\n<p>Convidada a fazer uma prele\u00e7\u00e3o sobre a cr\u00edtica, a conferencista compareceu ante o audit\u00f3rio superlotado, carregando pequeno fardo.<\/p>\n\n\n\n<p>Ap\u00f3s cumprimentar os presentes, retirou os livros e a jarra de \u00e1gua de sobre a mesa, deixando somente a toalha branca.<\/p>\n\n\n\n<p>Em sil\u00eancio, acendeu poderosa l\u00e2mpada, enfeitou a mesa com dezenas de p\u00e9rolas que trouxera no embrulho e com v\u00e1rias d\u00fazias de flores frescas e perfumadas.<\/p>\n\n\n\n<p>Logo ap\u00f3s, apanhou na sacola diversos enfeites de expressiva beleza, e enfileirou-os com gra\u00e7a.<\/p>\n\n\n\n<p>Em seguida, colocou sobre a mesa um exemplar do Novo Testamento em capa dourada.<\/p>\n\n\n\n<p>Depois, diante do assombro de todos, depositou em meio aos demais objetos pequenina lagartixa, num frasco de vidro.<\/p>\n\n\n\n<p>S\u00f3 ent\u00e3o se dirigiu ao p\u00fablico perguntando:<\/p>\n\n\n\n<p>O que \u00e9 que os senhores est\u00e3o vendo?<\/p>\n\n\n\n<p>E a assembl\u00e9ia respondeu, em vozes discordantes:<\/p>\n\n\n\n<p>Um bicho!<\/p>\n\n\n\n<p>Um lagarto horr\u00edvel!<\/p>\n\n\n\n<p>Uma larva!<\/p>\n\n\n\n<p>Um pequeno monstro!<\/p>\n\n\n\n<p>Esgotados breves momentos de expecta\u00e7\u00e3o, a expositora considerou:<\/p>\n\n\n\n<p>Assim \u00e9 o esp\u00edrito da cr\u00edtica destrutiva, meus amigos!<\/p>\n\n\n\n<p>Os senhores n\u00e3o enxergaram o forro de seda alva, que recobre a mesa.<\/p>\n\n\n\n<p>N\u00e3o viram as flores, nem sentiram o seu perfume.<\/p>\n\n\n\n<p>N\u00e3o perceberam as p\u00e9rolas, nem as outras preciosidades.<\/p>\n\n\n\n<p>N\u00e3o atentaram para o Novo Testamento, nem para a luz faiscante que acendi no in\u00edcio.<\/p>\n\n\n\n<p>Mas n\u00e3o passou despercebida, aos olhos da maioria, a diminuta lagartixa&#8230;<\/p>\n\n\n\n<p>E, sorridente, concluiu sua exposi\u00e7\u00e3o esclarecendo:<\/p>\n\n\n\n<p>Nada mais tenho a dizer&#8230;<\/p>\n\n\n\n<p>Quantas vezes n\u00e3o nos temos feito cegos para as coisas e situa\u00e7\u00f5es valorosas da vida.<\/p>\n\n\n\n<p>Acostumados a ver somente os fatos que denigrem a sociedade humana, volvemos o olhar para os detritos morais das criaturas.<\/p>\n\n\n\n<p>Assim, criticamos a m\u00eddia por enfatizar as mis\u00e9rias humanas, os desvalores, as fofocas e as intrigas,mas, em verdade, isso tudo s\u00f3 vem a lume porque ainda nos comprazem. Em \u00faltima an\u00e1lise, \u00e9 o que vende!<\/p>\n\n\n\n<p>N\u00e3o h\u00e1 espa\u00e7o para uma mensagem edificante, e os que teimam em veicular coisas e situa\u00e7\u00f5es nobres, o fazem sob o peso de enormes dificuldades.<\/p>\n\n\n\n<p>\u00c9 imperioso atentarmos para os nossos valores ou desvalores, antes de levantarmos a voz para criticar a sociedade e os meios de comunica\u00e7\u00e3o em geral.<\/p>\n\n\n\n<p>\u00c9 importante observarmos os nossos interesses pessoais antes de gritarmos contra os governantes, sem esquecer que eles s\u00f3 ocupam os cargos depois de eleitos por n\u00f3s.<\/p>\n\n\n\n<p>Enfim, \u00e9 relevante atentarmos para os que buscam divulgar o bem e o belo e candidatarmo-nos a engrossar essas fileiras.<\/p>\n\n\n\n<p>Assim, com a exalta\u00e7\u00e3o do bem, em detrimento do mal, com a evid\u00eancia da paz, em vez da guerra, com a eleva\u00e7\u00e3o do perfume sobre os odores f\u00e9tidos, a sociedade lograr\u00e1 sobrepujar as mis\u00e9rias, evidenciando as belezas e os atos de ess\u00eancia superior, e encontrada ser\u00e1 a felicidade perene.<\/p>\n\n\n\n<p><em>Colabora\u00e7\u00e3o de Maria Jacinta N.Silva<\/em><\/p>\n","protected":false},"excerpt":{"rendered":"<p>Convidada a fazer uma prele\u00e7\u00e3o sobre a cr\u00edtica, a conferencista compareceu ante o audit\u00f3rio superlotado, carregando pequeno fardo. Ap\u00f3s cumprimentar os presentes, retirou os livros e a jarra de \u00e1gua de sobre a mesa, deixando somente a toalha branca. Em sil\u00eancio, acendeu poderosa l\u00e2mpada, enfeitou a mesa com dezenas de p\u00e9rolas que trouxera no embrulho [&hellip;]<\/p>\n","protected":false},"author":1,"featured_media":0,"comment_status":"open","ping_status":"open","sticky":false,"template":"","format":"standard","meta":{"_uag_custom_page_level_css":"","footnotes":""},"categories":[4],"tags":[],"class_list":["post-519","post","type-post","status-publish","format-standard","hentry","category-historias","post-preview"],"uagb_featured_image_src":{"full":false,"thumbnail":false,"medium":false,"medium_large":false,"large":false,"1536x1536":false,"2048x2048":false,"post-image":false},"uagb_author_info":{"display_name":"Rubens","author_link":"https:\/\/contandohistorias.com.br\/?author=1"},"uagb_comment_info":0,"uagb_excerpt":"Convidada a fazer uma prele\u00e7\u00e3o sobre a cr\u00edtica, a conferencista compareceu ante o audit\u00f3rio superlotado, carregando pequeno fardo. Ap\u00f3s cumprimentar os presentes, retirou os livros e a jarra de \u00e1gua de sobre a mesa, deixando somente a toalha branca. Em sil\u00eancio, acendeu poderosa l\u00e2mpada, enfeitou a mesa com dezenas de p\u00e9rolas que trouxera no embrulho&hellip;","_links":{"self":[{"href":"https:\/\/contandohistorias.com.br\/index.php?rest_route=\/wp\/v2\/posts\/519","targetHints":{"allow":["GET"]}}],"collection":[{"href":"https:\/\/contandohistorias.com.br\/index.php?rest_route=\/wp\/v2\/posts"}],"about":[{"href":"https:\/\/contandohistorias.com.br\/index.php?rest_route=\/wp\/v2\/types\/post"}],"author":[{"embeddable":true,"href":"https:\/\/contandohistorias.com.br\/index.php?rest_route=\/wp\/v2\/users\/1"}],"replies":[{"embeddable":true,"href":"https:\/\/contandohistorias.com.br\/index.php?rest_route=%2Fwp%2Fv2%2Fcomments&post=519"}],"version-history":[{"count":1,"href":"https:\/\/contandohistorias.com.br\/index.php?rest_route=\/wp\/v2\/posts\/519\/revisions"}],"predecessor-version":[{"id":520,"href":"https:\/\/contandohistorias.com.br\/index.php?rest_route=\/wp\/v2\/posts\/519\/revisions\/520"}],"wp:attachment":[{"href":"https:\/\/contandohistorias.com.br\/index.php?rest_route=%2Fwp%2Fv2%2Fmedia&parent=519"}],"wp:term":[{"taxonomy":"category","embeddable":true,"href":"https:\/\/contandohistorias.com.br\/index.php?rest_route=%2Fwp%2Fv2%2Fcategories&post=519"},{"taxonomy":"post_tag","embeddable":true,"href":"https:\/\/contandohistorias.com.br\/index.php?rest_route=%2Fwp%2Fv2%2Ftags&post=519"}],"curies":[{"name":"wp","href":"https:\/\/api.w.org\/{rel}","templated":true}]}}