{"id":574,"date":"2024-08-12T19:54:00","date_gmt":"2024-08-12T22:54:00","guid":{"rendered":"https:\/\/new.contandohistorias.com.br\/?p=574"},"modified":"2024-08-12T19:54:04","modified_gmt":"2024-08-12T22:54:04","slug":"ah-os-relogios","status":"publish","type":"post","link":"https:\/\/contandohistorias.com.br\/?p=574","title":{"rendered":"Ah! Os Rel\u00f3gios"},"content":{"rendered":"\n<p><em>M\u00e1rio Quintana<\/em><\/p>\n\n\n\n<figure class=\"wp-block-embed is-type-rich is-provider-incorporar-manipulador wp-block-embed-incorporar-manipulador\"><div class=\"wp-block-embed__wrapper\">\n<audio class=\"wp-audio-shortcode\" id=\"audio-574-1\" preload=\"none\" style=\"width: 100%;\" controls=\"controls\"><source type=\"audio\/mpeg\" src=\"https:\/\/www.contandohistorias.com.br\/mp3\/2006307.mp3?_=1\" \/><a href=\"https:\/\/www.contandohistorias.com.br\/mp3\/2006307.mp3\">https:\/\/www.contandohistorias.com.br\/mp3\/2006307.mp3<\/a><\/audio>\n<\/div><\/figure>\n\n\n\n<p>Amigos, n\u00e3o consultem os rel\u00f3gios<br>quando um dia eu me for de vossas vidas<br>em seus f\u00fateis problemas t\u00e3o perdidas<br>que at\u00e9 parecem mais uns necrol\u00f3gios&#8230;<\/p>\n\n\n\n<p>Porque o tempo \u00e9 uma inven\u00e7\u00e3o da morte:<br>n\u00e3o o conhece a vida &#8211; a verdadeira &#8211;<br>em que basta um momento de poesia<br>para nos dar a eternidade inteira.<\/p>\n\n\n\n<p>Inteira, sim, porque essa vida eterna<br>somente por si mesma \u00e9 dividida:<br>n\u00e3o cabe, a cada qual, uma por\u00e7\u00e3o.<\/p>\n\n\n\n<p>E os Anjos entreolham-se espantados<br>quando algu\u00e9m &#8211; ao voltar a si da vida &#8211;<br>acaso lhes indaga que horas s\u00e3o&#8230;<\/p>\n","protected":false},"excerpt":{"rendered":"<p>M\u00e1rio Quintana Amigos, n\u00e3o consultem os rel\u00f3giosquando um dia eu me for de vossas vidasem seus f\u00fateis problemas t\u00e3o perdidasque at\u00e9 parecem mais uns necrol\u00f3gios&#8230; Porque o tempo \u00e9 uma inven\u00e7\u00e3o da morte:n\u00e3o o conhece a vida &#8211; a verdadeira &#8211;em que basta um momento de poesiapara nos dar a eternidade inteira. Inteira, sim, porque [&hellip;]<\/p>\n","protected":false},"author":1,"featured_media":0,"comment_status":"open","ping_status":"open","sticky":false,"template":"","format":"standard","meta":{"_uag_custom_page_level_css":"","footnotes":""},"categories":[4],"tags":[],"class_list":["post-574","post","type-post","status-publish","format-standard","hentry","category-historias","post-preview"],"uagb_featured_image_src":{"full":false,"thumbnail":false,"medium":false,"medium_large":false,"large":false,"1536x1536":false,"2048x2048":false,"post-image":false},"uagb_author_info":{"display_name":"Rubens","author_link":"https:\/\/contandohistorias.com.br\/?author=1"},"uagb_comment_info":0,"uagb_excerpt":"M\u00e1rio Quintana Amigos, n\u00e3o consultem os rel\u00f3giosquando um dia eu me for de vossas vidasem seus f\u00fateis problemas t\u00e3o perdidasque at\u00e9 parecem mais uns necrol\u00f3gios&#8230; Porque o tempo \u00e9 uma inven\u00e7\u00e3o da morte:n\u00e3o o conhece a vida &#8211; a verdadeira &#8211;em que basta um momento de poesiapara nos dar a eternidade inteira. Inteira, sim, porque&hellip;","_links":{"self":[{"href":"https:\/\/contandohistorias.com.br\/index.php?rest_route=\/wp\/v2\/posts\/574","targetHints":{"allow":["GET"]}}],"collection":[{"href":"https:\/\/contandohistorias.com.br\/index.php?rest_route=\/wp\/v2\/posts"}],"about":[{"href":"https:\/\/contandohistorias.com.br\/index.php?rest_route=\/wp\/v2\/types\/post"}],"author":[{"embeddable":true,"href":"https:\/\/contandohistorias.com.br\/index.php?rest_route=\/wp\/v2\/users\/1"}],"replies":[{"embeddable":true,"href":"https:\/\/contandohistorias.com.br\/index.php?rest_route=%2Fwp%2Fv2%2Fcomments&post=574"}],"version-history":[{"count":1,"href":"https:\/\/contandohistorias.com.br\/index.php?rest_route=\/wp\/v2\/posts\/574\/revisions"}],"predecessor-version":[{"id":575,"href":"https:\/\/contandohistorias.com.br\/index.php?rest_route=\/wp\/v2\/posts\/574\/revisions\/575"}],"wp:attachment":[{"href":"https:\/\/contandohistorias.com.br\/index.php?rest_route=%2Fwp%2Fv2%2Fmedia&parent=574"}],"wp:term":[{"taxonomy":"category","embeddable":true,"href":"https:\/\/contandohistorias.com.br\/index.php?rest_route=%2Fwp%2Fv2%2Fcategories&post=574"},{"taxonomy":"post_tag","embeddable":true,"href":"https:\/\/contandohistorias.com.br\/index.php?rest_route=%2Fwp%2Fv2%2Ftags&post=574"}],"curies":[{"name":"wp","href":"https:\/\/api.w.org\/{rel}","templated":true}]}}