{"id":579,"date":"2024-08-12T21:50:30","date_gmt":"2024-08-13T00:50:30","guid":{"rendered":"https:\/\/new.contandohistorias.com.br\/?p=579"},"modified":"2024-08-12T21:50:33","modified_gmt":"2024-08-13T00:50:33","slug":"a-importancia-da-luz","status":"publish","type":"post","link":"https:\/\/contandohistorias.com.br\/?p=579","title":{"rendered":"A Import\u00e2ncia da Luz"},"content":{"rendered":"\n<p><em>Paulo Barbosa<\/em><\/p>\n\n\n\n<figure class=\"wp-block-embed is-type-rich is-provider-incorporar-manipulador wp-block-embed-incorporar-manipulador\"><div class=\"wp-block-embed__wrapper\">\n<audio class=\"wp-audio-shortcode\" id=\"audio-579-1\" preload=\"none\" style=\"width: 100%;\" controls=\"controls\"><source type=\"audio\/mpeg\" src=\"https:\/\/www.contandohistorias.com.br\/mp3\/2006199.mp3?_=1\" \/><a href=\"https:\/\/www.contandohistorias.com.br\/mp3\/2006199.mp3\">https:\/\/www.contandohistorias.com.br\/mp3\/2006199.mp3<\/a><\/audio>\n<\/div><\/figure>\n\n\n\n<p>Muita gente j\u00e1 visitou o Memorial Lincoln nos Estados Unidos. Milh\u00f5es de pessoas j\u00e1 estiveram diante daquela estrutura de m\u00e1rmore branco, admirando a irresist\u00edvel est\u00e1tua de Lincoln, obra do escultor Daniel French.<\/p>\n\n\n\n<p>Quando a est\u00e1tua foi mostrada pela primeira vez, em 1922, verificou-se que as caracter\u00edsticas faciais de Lincoln estavam grosseiramente distorcidas por uma ilumina\u00e7\u00e3o defeituosa. Mais tarde as corre\u00e7\u00f5es foram feitas, e os visitantes puderam contemplar aquele rosto como ele verdadeiramente \u00e9.<\/p>\n\n\n\n<p>A ilumina\u00e7\u00e3o tem grande import\u00e2ncia quando se deseja ver as coisas com clareza. Se encaramos a vida apenas sob a luz da competi\u00e7\u00e3o e do conflito, essa luz pode distorcer as imagens e acabaremos n\u00e3o tendo uma id\u00e9ia perfeita do que a vida \u00e9.<\/p>\n\n\n\n<p>Podemos nos enganar tamb\u00e9m ao considerarmos as pessoas sob a luz do que elas fizeram para n\u00f3s. Se as olharmos apenas sob esse prisma, poderemos n\u00e3o saber realmente quem elas s\u00e3o. Caricaturas grotescas podem ser mostradas quando luzes distorcidas forem usadas. Essas luzes poder\u00e3o ser coloridas de acordo com o que escolhermos ver nas pessoas.<\/p>\n\n\n\n<p>A vida que vivemos e as pessoas com quem lidamos s\u00f3 ser\u00e3o verdadeiramente conhecidas se buscarmos v\u00ea-las com a ilumina\u00e7\u00e3o correta e sem distor\u00e7\u00f5es e cores erradas. A luz vem de n\u00f3s, e ela \u00e9 essencial para vermos o mundo ao nosso redor.<\/p>\n","protected":false},"excerpt":{"rendered":"<p>Paulo Barbosa Muita gente j\u00e1 visitou o Memorial Lincoln nos Estados Unidos. Milh\u00f5es de pessoas j\u00e1 estiveram diante daquela estrutura de m\u00e1rmore branco, admirando a irresist\u00edvel est\u00e1tua de Lincoln, obra do escultor Daniel French. Quando a est\u00e1tua foi mostrada pela primeira vez, em 1922, verificou-se que as caracter\u00edsticas faciais de Lincoln estavam grosseiramente distorcidas por [&hellip;]<\/p>\n","protected":false},"author":1,"featured_media":0,"comment_status":"open","ping_status":"open","sticky":false,"template":"","format":"standard","meta":{"_uag_custom_page_level_css":"","footnotes":""},"categories":[4],"tags":[],"class_list":["post-579","post","type-post","status-publish","format-standard","hentry","category-historias","post-preview"],"uagb_featured_image_src":{"full":false,"thumbnail":false,"medium":false,"medium_large":false,"large":false,"1536x1536":false,"2048x2048":false,"post-image":false},"uagb_author_info":{"display_name":"Rubens","author_link":"https:\/\/contandohistorias.com.br\/?author=1"},"uagb_comment_info":0,"uagb_excerpt":"Paulo Barbosa Muita gente j\u00e1 visitou o Memorial Lincoln nos Estados Unidos. Milh\u00f5es de pessoas j\u00e1 estiveram diante daquela estrutura de m\u00e1rmore branco, admirando a irresist\u00edvel est\u00e1tua de Lincoln, obra do escultor Daniel French. Quando a est\u00e1tua foi mostrada pela primeira vez, em 1922, verificou-se que as caracter\u00edsticas faciais de Lincoln estavam grosseiramente distorcidas por&hellip;","_links":{"self":[{"href":"https:\/\/contandohistorias.com.br\/index.php?rest_route=\/wp\/v2\/posts\/579","targetHints":{"allow":["GET"]}}],"collection":[{"href":"https:\/\/contandohistorias.com.br\/index.php?rest_route=\/wp\/v2\/posts"}],"about":[{"href":"https:\/\/contandohistorias.com.br\/index.php?rest_route=\/wp\/v2\/types\/post"}],"author":[{"embeddable":true,"href":"https:\/\/contandohistorias.com.br\/index.php?rest_route=\/wp\/v2\/users\/1"}],"replies":[{"embeddable":true,"href":"https:\/\/contandohistorias.com.br\/index.php?rest_route=%2Fwp%2Fv2%2Fcomments&post=579"}],"version-history":[{"count":1,"href":"https:\/\/contandohistorias.com.br\/index.php?rest_route=\/wp\/v2\/posts\/579\/revisions"}],"predecessor-version":[{"id":580,"href":"https:\/\/contandohistorias.com.br\/index.php?rest_route=\/wp\/v2\/posts\/579\/revisions\/580"}],"wp:attachment":[{"href":"https:\/\/contandohistorias.com.br\/index.php?rest_route=%2Fwp%2Fv2%2Fmedia&parent=579"}],"wp:term":[{"taxonomy":"category","embeddable":true,"href":"https:\/\/contandohistorias.com.br\/index.php?rest_route=%2Fwp%2Fv2%2Fcategories&post=579"},{"taxonomy":"post_tag","embeddable":true,"href":"https:\/\/contandohistorias.com.br\/index.php?rest_route=%2Fwp%2Fv2%2Ftags&post=579"}],"curies":[{"name":"wp","href":"https:\/\/api.w.org\/{rel}","templated":true}]}}