{"id":628,"date":"2024-08-13T22:05:21","date_gmt":"2024-08-14T01:05:21","guid":{"rendered":"https:\/\/new.contandohistorias.com.br\/?p=628"},"modified":"2024-08-13T22:05:25","modified_gmt":"2024-08-14T01:05:25","slug":"almas-perfumadas","status":"publish","type":"post","link":"https:\/\/contandohistorias.com.br\/?p=628","title":{"rendered":"Almas perfumadas"},"content":{"rendered":"\n<p><strong><em>Ana Cl\u00e1udia Saldanha J\u00e1como (Para minha av\u00f3 Edith)<\/em><\/strong><\/p>\n\n\n\n<figure class=\"wp-block-embed is-type-rich is-provider-incorporar-manipulador wp-block-embed-incorporar-manipulador\"><div class=\"wp-block-embed__wrapper\">\n<audio class=\"wp-audio-shortcode\" id=\"audio-628-1\" preload=\"none\" style=\"width: 100%;\" controls=\"controls\"><source type=\"audio\/mpeg\" src=\"https:\/\/www.contandohistorias.com.br\/mp3\/2006549.mp3?_=1\" \/><a href=\"https:\/\/www.contandohistorias.com.br\/mp3\/2006549.mp3\">https:\/\/www.contandohistorias.com.br\/mp3\/2006549.mp3<\/a><\/audio>\n<\/div><\/figure>\n\n\n\n<p>Tem gente que tem cheiro de passarinho quando canta. De sol quando acorda. De flor quando ri. Ao lado delas, a gente se sente no balan\u00e7o de uma rede que dan\u00e7a gostoso numa tarde grande, sem rel\u00f3gio e sem agenda. Ao lado delas, a gente se sente comendo pipoca na pra\u00e7a. Lambuzando o queixo de sorvete. Melando os dedos com algod\u00e3o doce da cor mais doce que tem pra escolher. O tempo \u00e9 outro. E a vida fica com a cara que ela tem de verdade, mas que a gente desaprende de ver.<\/p>\n\n\n\n<p>Tem gente que tem cheiro de colo de Deus. De banho de mar quando a \u00e1gua \u00e9 quente e o c\u00e9u \u00e9 azul. Ao lado delas, a gente sabe que os anjos existem e que alguns s\u00e3o invis\u00edveis. Ao lado delas, a gente se sente chegando em casa e trocando o salto pelo chinelo. Sonhando a maior tolice do mundo com o gozo de quem n\u00e3o liga pra isso. Ao lado delas,pode ser abril, mas parece manh\u00e3 de Natal do tempo em que a gente acordava e encontrava o presente do Papai Noel.<\/p>\n\n\n\n<p>Tem gente que tem cheiro das estrelas que Deus acendeu no c\u00e9u e daquelas que conseguimos acender na Terra. Ao lado delas, a gente n\u00e3o acha que o amor \u00e9 poss\u00edvel, a gente tem certeza. Ao lado delas, a gente se sente visitando um lugar feito de alegria. Recebendo um buqu\u00ea de carinhos. Abra\u00e7ando um filhote de urso panda. Tocando com os olhos os olhos da paz. Ao lado delas, saboreamos a del\u00edcia do toque suave que sua presen\u00e7a sopra no nosso cora\u00e7\u00e3o.<\/p>\n\n\n\n<p>Tem gente que tem cheiro de cafun\u00e9 sem pressa. Do brinquedo que a gente n\u00e3o largava. Do acalanto que o sil\u00eancio canta. De passeio no jardim. Ao lado delas, a gente percebe que a sensualidade \u00e9 um perfume que vem de dentro e que a atra\u00e7\u00e3o que realmente nos move n\u00e3o passa s\u00f3 pelo corpo. Corre em outras veias. Pulsa em outro lugar. Ao lado delas, a gente lembra que no instante em que rimos Deus est\u00e1 dan\u00e7ando conosco de rostinho colado. E a gente ri grande que nem menino arteiro.<\/p>\n\n\n\n<p>Costumo dizer que algumas almas s\u00e3o perfumadas, porque acredito que os sentimentos tamb\u00e9m t\u00eam cheiro e tocam todas as coisas com os seus dedos de energia. Minha av\u00f3 era algu\u00e9m assim. Ela perfumou muitas vidas com sua luz e suas cores. A minha, foi uma delas. E o perfume era t\u00e3o gostoso, t\u00e3o branco, t\u00e3o delicado, que ela mudou de frasco, mas ele continua vivo no cora\u00e7\u00e3o de tudo o que ela amou. E tudo o que eu amar vai encontrar, de alguma forma, os vest\u00edgios desse perfume de Deus, que, numa temporada, se vestiu de Edith, para me falar de amor.<\/p>\n\n\n\n<p>Blog:&nbsp;<a href=\"http:\/\/anajacomo.blogspot.com\/\">http:\/\/anajacomo.blogspot.com<\/a><\/p>\n","protected":false},"excerpt":{"rendered":"<p>Ana Cl\u00e1udia Saldanha J\u00e1como (Para minha av\u00f3 Edith) Tem gente que tem cheiro de passarinho quando canta. De sol quando acorda. De flor quando ri. Ao lado delas, a gente se sente no balan\u00e7o de uma rede que dan\u00e7a gostoso numa tarde grande, sem rel\u00f3gio e sem agenda. Ao lado delas, a gente se sente [&hellip;]<\/p>\n","protected":false},"author":1,"featured_media":0,"comment_status":"open","ping_status":"open","sticky":false,"template":"","format":"standard","meta":{"_uag_custom_page_level_css":"","footnotes":""},"categories":[4],"tags":[],"class_list":["post-628","post","type-post","status-publish","format-standard","hentry","category-historias","post-preview"],"uagb_featured_image_src":{"full":false,"thumbnail":false,"medium":false,"medium_large":false,"large":false,"1536x1536":false,"2048x2048":false,"post-image":false},"uagb_author_info":{"display_name":"Rubens","author_link":"https:\/\/contandohistorias.com.br\/?author=1"},"uagb_comment_info":0,"uagb_excerpt":"Ana Cl\u00e1udia Saldanha J\u00e1como (Para minha av\u00f3 Edith) Tem gente que tem cheiro de passarinho quando canta. De sol quando acorda. De flor quando ri. Ao lado delas, a gente se sente no balan\u00e7o de uma rede que dan\u00e7a gostoso numa tarde grande, sem rel\u00f3gio e sem agenda. Ao lado delas, a gente se sente&hellip;","_links":{"self":[{"href":"https:\/\/contandohistorias.com.br\/index.php?rest_route=\/wp\/v2\/posts\/628","targetHints":{"allow":["GET"]}}],"collection":[{"href":"https:\/\/contandohistorias.com.br\/index.php?rest_route=\/wp\/v2\/posts"}],"about":[{"href":"https:\/\/contandohistorias.com.br\/index.php?rest_route=\/wp\/v2\/types\/post"}],"author":[{"embeddable":true,"href":"https:\/\/contandohistorias.com.br\/index.php?rest_route=\/wp\/v2\/users\/1"}],"replies":[{"embeddable":true,"href":"https:\/\/contandohistorias.com.br\/index.php?rest_route=%2Fwp%2Fv2%2Fcomments&post=628"}],"version-history":[{"count":1,"href":"https:\/\/contandohistorias.com.br\/index.php?rest_route=\/wp\/v2\/posts\/628\/revisions"}],"predecessor-version":[{"id":629,"href":"https:\/\/contandohistorias.com.br\/index.php?rest_route=\/wp\/v2\/posts\/628\/revisions\/629"}],"wp:attachment":[{"href":"https:\/\/contandohistorias.com.br\/index.php?rest_route=%2Fwp%2Fv2%2Fmedia&parent=628"}],"wp:term":[{"taxonomy":"category","embeddable":true,"href":"https:\/\/contandohistorias.com.br\/index.php?rest_route=%2Fwp%2Fv2%2Fcategories&post=628"},{"taxonomy":"post_tag","embeddable":true,"href":"https:\/\/contandohistorias.com.br\/index.php?rest_route=%2Fwp%2Fv2%2Ftags&post=628"}],"curies":[{"name":"wp","href":"https:\/\/api.w.org\/{rel}","templated":true}]}}